{"id":2542,"date":"2013-07-11T20:09:03","date_gmt":"2013-07-11T19:09:03","guid":{"rendered":"http:\/\/www.caths.cz\/wordpress\/?p=2542"},"modified":"2013-07-11T20:09:03","modified_gmt":"2013-07-11T19:09:03","slug":"famozni-jiri-jezek-hlasaji-media-celeho-sveta","status":"publish","type":"post","link":"https:\/\/www.caths.cz\/wordpress\/famozni-jiri-jezek-hlasaji-media-celeho-sveta\/","title":{"rendered":"Fam\u00f3zn\u00ed Ji\u0159\u00ed Je\u017eek, hl\u00e1saj\u00ed m\u00e9dia cel\u00e9ho sv\u011bta&#8230;"},"content":{"rendered":"<p><img decoding=\"async\" src=\"\/wordpress\/image\/sekretarky\/cyklistika\/jezek_tour3.jpg\"> <\/p>\n<p> T\u00edm prvn\u00edm je sportovn\u00ed \u00farove\u0148 Jirkova v\u00fdkonu. Div\u00e1ci m\u011bli mo\u017enost poprv\u00e9 v historii sledovat p\u0159\u00edm\u00e9 porovn\u00e1n\u00ed v\u00fdkonu nejlep\u0161\u00edho paralympijsk\u00e9ho cyklisty sv\u011bta s absolutn\u00ed profesion\u00e1ln\u00ed \u0161pi\u010dkou. Samoz\u0159ejm\u011b, \u017ee jde o porovn\u00e1n\u00ed ne zcela objektivn\u00ed, nicm\u00e9n\u011b Jirk\u016fv v\u00fdkon asi nikoho nenechal na pochyb\u00e1ch, \u017ee sport handicapovan\u00fdch ve sv\u00e9 v\u00fdkonnostn\u00ed podob\u011b p\u0159edstavuje stejn\u00e9 mno\u017estv\u00ed tr\u00e9ninkov\u00e9ho \u00fasil\u00ed, p\u00edle a talentu jako je tomu u \u0161pi\u010dkov\u00fdch sportovc\u016f bez handicapu.<br \/> Obdiv a respekt k Jirkovu v\u00fdkonu vyjad\u0159uj\u00ed fanou\u0161ci, div\u00e1ci, sportovn\u00ed mana\u017ee\u0159i i funkcion\u00e1\u0159i, cyklisti\u010dt\u00ed odborn\u00edci a tren\u00e9\u0159i. <\/p>\n<p> Druhou v\u00fdznamnou skute\u010dnost\u00ed Jirkova startu je obrovsk\u00fd z\u00e1jem televiz\u00ed, internetov\u00fdch server\u016f a periodik z cel\u00e9ho sv\u011bta. <br \/> Reklama a pozornost, kterou Jirka sv\u00fdm startem z\u00edskal pro \u010ceskou republiku, cyklistiku \u010cATHS a sport t\u011blesn\u011b posti\u017een\u00fdch je nedoceniteln\u00e1. <\/p>\n<p> P\u0159ejme si, aby nad\u0161en\u00fd pohled ve\u0159ejnosti i m\u00e9di\u00ed na sport handicapovan\u00fdch o kter\u00fd se n\u00e1\u0161 cyklista tak v\u00fdznamn\u011b zaslou\u017eil, nebyl op\u011bt zni\u010den bezduch\u00fdmi spory funkcion\u00e1\u0159\u016f, kter\u00e9 ji\u017e mnoho let v m\u00e9di\u00edch zcela zakr\u00fdvaj\u00ed to podstatn\u00e9 \u2013 samotn\u00fd SPORT handicapovan\u00fdch&#8230; <\/p>\n","protected":false},"excerpt":{"rendered":"<a href=\"https:\/\/www.caths.cz\/wordpress\/famozni-jiri-jezek-hlasaji-media-celeho-sveta\/\"><img loading=\"lazy\" decoding=\"async\" width=\"100\" height=\"100\" src=\"https:\/\/www.caths.cz\/wordpress\/wp-content\/plugins\/thumbnail-for-excerpts\/tfe_no_thumb.png\" class=\"alignleft wp-post-image tfe\" alt=\"\" title=\"\" \/><\/a><p>T\u00edm prvn\u00edm je sportovn\u00ed \u00farove\u0148 Jirkova v\u00fdkonu. Div\u00e1ci m\u011bli mo\u017enost poprv\u00e9 v historii sledovat p\u0159\u00edm\u00e9 porovn\u00e1n\u00ed v\u00fdkonu nejlep\u0161\u00edho paralympijsk\u00e9ho cyklisty sv\u011bta s absolutn\u00ed profesion\u00e1ln\u00ed \u0161pi\u010dkou. Samoz\u0159ejm\u011b, \u017ee jde o porovn\u00e1n\u00ed [&hellip;]<\/p>\n","protected":false},"author":1,"featured_media":0,"comment_status":"closed","ping_status":"closed","sticky":false,"template":"","format":"standard","meta":{"ngg_post_thumbnail":0,"footnotes":""},"categories":[2],"tags":[],"class_list":["post-2542","post","type-post","status-publish","format-standard","hentry","category-cyklistika"],"_links":{"self":[{"href":"https:\/\/www.caths.cz\/wordpress\/wp-json\/wp\/v2\/posts\/2542","targetHints":{"allow":["GET"]}}],"collection":[{"href":"https:\/\/www.caths.cz\/wordpress\/wp-json\/wp\/v2\/posts"}],"about":[{"href":"https:\/\/www.caths.cz\/wordpress\/wp-json\/wp\/v2\/types\/post"}],"author":[{"embeddable":true,"href":"https:\/\/www.caths.cz\/wordpress\/wp-json\/wp\/v2\/users\/1"}],"replies":[{"embeddable":true,"href":"https:\/\/www.caths.cz\/wordpress\/wp-json\/wp\/v2\/comments?post=2542"}],"version-history":[{"count":0,"href":"https:\/\/www.caths.cz\/wordpress\/wp-json\/wp\/v2\/posts\/2542\/revisions"}],"wp:attachment":[{"href":"https:\/\/www.caths.cz\/wordpress\/wp-json\/wp\/v2\/media?parent=2542"}],"wp:term":[{"taxonomy":"category","embeddable":true,"href":"https:\/\/www.caths.cz\/wordpress\/wp-json\/wp\/v2\/categories?post=2542"},{"taxonomy":"post_tag","embeddable":true,"href":"https:\/\/www.caths.cz\/wordpress\/wp-json\/wp\/v2\/tags?post=2542"}],"curies":[{"name":"wp","href":"https:\/\/api.w.org\/{rel}","templated":true}]}}