{"id":2541,"date":"2013-07-10T17:54:50","date_gmt":"2013-07-10T16:54:50","guid":{"rendered":"http:\/\/www.caths.cz\/wordpress\/?p=2541"},"modified":"2013-07-10T17:54:50","modified_gmt":"2013-07-10T16:54:50","slug":"jiri-jezek-v-cili-casovky-na-tour-de-france","status":"publish","type":"post","link":"https:\/\/www.caths.cz\/wordpress\/jiri-jezek-v-cili-casovky-na-tour-de-france\/","title":{"rendered":"Ji\u0159\u00ed Je\u017eek v c\u00edli \u010dasovky na Tour de France"},"content":{"rendered":"<p>Ke zlat\u00e9mu lond\u00fdnsk\u00e9mu z\u00e1vodu p\u0159irovnal Ji\u0159\u00ed Je\u017eek sv\u016fj start a div\u00e1ckou atmosf\u00e9ru na \u010dasovce Tour de France s c\u00edlem na nejnav\u0161t\u011bvovan\u011bj\u0161\u00edm m\u00edst\u011b Francie, magick\u00e9m Mont Saint \u2013 Michel.Foto : skoda-auto.cz<\/p>\n<p> Ihned po dojezdu vyzpov\u00eddal Jirku redaktor serveru www.sport.cz a den\u00edku Pr\u00e1vo Radek Malina. <\/p>\n<p> Cel\u00fd rozhovor si m\u016f\u017eete p\u0159e\u010d\u00edst <a href=\"http:\/\/www.sport.cz\/ostatni\/cyklistika\/clanek\/492192-jezek-o-startu-na-tour-de-france-byla-to-uzasna-oslava-pri-niz-jsem-litoval-ze-nemam-nohu.html#hp-sez\" target=\"_blank\"> zde<\/a> <\/p>\n<p> <img decoding=\"async\" src=\"\/wordpress\/image\/sekretarky\/cyklistika\/Jezek_Tour2.jpg\"><\/p>\n","protected":false},"excerpt":{"rendered":"<a href=\"https:\/\/www.caths.cz\/wordpress\/jiri-jezek-v-cili-casovky-na-tour-de-france\/\"><img loading=\"lazy\" decoding=\"async\" width=\"100\" height=\"100\" src=\"https:\/\/www.caths.cz\/wordpress\/wp-content\/plugins\/thumbnail-for-excerpts\/tfe_no_thumb.png\" class=\"alignleft wp-post-image tfe\" alt=\"\" title=\"\" \/><\/a><p>Ke zlat\u00e9mu lond\u00fdnsk\u00e9mu z\u00e1vodu p\u0159irovnal Ji\u0159\u00ed Je\u017eek sv\u016fj start a div\u00e1ckou atmosf\u00e9ru na \u010dasovce Tour de France s c\u00edlem na nejnav\u0161t\u011bvovan\u011bj\u0161\u00edm m\u00edst\u011b Francie, magick\u00e9m Mont Saint \u2013 Michel.Foto : skoda-auto.cz [&hellip;]<\/p>\n","protected":false},"author":1,"featured_media":0,"comment_status":"closed","ping_status":"closed","sticky":false,"template":"","format":"standard","meta":{"ngg_post_thumbnail":0,"footnotes":""},"categories":[2],"tags":[],"class_list":["post-2541","post","type-post","status-publish","format-standard","hentry","category-cyklistika"],"_links":{"self":[{"href":"https:\/\/www.caths.cz\/wordpress\/wp-json\/wp\/v2\/posts\/2541","targetHints":{"allow":["GET"]}}],"collection":[{"href":"https:\/\/www.caths.cz\/wordpress\/wp-json\/wp\/v2\/posts"}],"about":[{"href":"https:\/\/www.caths.cz\/wordpress\/wp-json\/wp\/v2\/types\/post"}],"author":[{"embeddable":true,"href":"https:\/\/www.caths.cz\/wordpress\/wp-json\/wp\/v2\/users\/1"}],"replies":[{"embeddable":true,"href":"https:\/\/www.caths.cz\/wordpress\/wp-json\/wp\/v2\/comments?post=2541"}],"version-history":[{"count":0,"href":"https:\/\/www.caths.cz\/wordpress\/wp-json\/wp\/v2\/posts\/2541\/revisions"}],"wp:attachment":[{"href":"https:\/\/www.caths.cz\/wordpress\/wp-json\/wp\/v2\/media?parent=2541"}],"wp:term":[{"taxonomy":"category","embeddable":true,"href":"https:\/\/www.caths.cz\/wordpress\/wp-json\/wp\/v2\/categories?post=2541"},{"taxonomy":"post_tag","embeddable":true,"href":"https:\/\/www.caths.cz\/wordpress\/wp-json\/wp\/v2\/tags?post=2541"}],"curies":[{"name":"wp","href":"https:\/\/api.w.org\/{rel}","templated":true}]}}