{"id":2539,"date":"2013-07-08T09:01:45","date_gmt":"2013-07-08T08:01:45","guid":{"rendered":"http:\/\/www.caths.cz\/wordpress\/?p=2539"},"modified":"2013-07-08T09:01:45","modified_gmt":"2013-07-08T08:01:45","slug":"jirku-jezka-ceka-zavod-pred-miliony-divaku-casovka-na-tour-de-france","status":"publish","type":"post","link":"https:\/\/www.caths.cz\/wordpress\/jirku-jezka-ceka-zavod-pred-miliony-divaku-casovka-na-tour-de-france\/","title":{"rendered":"Jirku Je\u017eka \u010dek\u00e1 z\u00e1vod p\u0159ed miliony div\u00e1k\u016f \u2013 \u010dasovka na Tour de France"},"content":{"rendered":"<p>Jen t\u011b\u017eko bychom hledali v\u011bt\u0161\u00ed formu propagace sportu handicapovan\u00fdch, ne\u017e je \u00fa\u010dast handicapovan\u00e9ho sportovce na jedn\u00e9 z nejv\u00fdznam\u011bj\u0161\u00edch sportovn\u00edch akc\u00ed sv\u011bta.<br \/>\nVe st\u0159edu 10. \u010dervence 2013 v 9 hodin a 20 minut vyraz\u00ed na tra\u0165 \u010dasovky jubilejn\u00ed, st\u00e9 Tour de France Ji\u0159\u00ed Je\u017eek. Je to pocta reprezenta\u010dn\u00edmu t\u00fdmu t\u011blesn\u011b handicapovan\u00fdch cyklist\u016f \u010cATHS, pocta pro sv\u011btovou paracyklistiku a velik\u00fd v\u00fdraz uzn\u00e1n\u00ed a respektu Ji\u0159\u00edmu Je\u017ekovi, nej\u00fasp\u011b\u0161n\u011bj\u0161\u00edmu handicapovan\u00e9mu cyklistovi sv\u011bta, paralympijsk\u00e9mu v\u00edt\u011bzi ze Sydney, At\u00e9n, Pekingu i Lond\u00fdna, \u0161estin\u00e1sobn\u00e9mu mistrovi sv\u011bta a skute\u010dn\u00e9 osobnosti sportu handicapovan\u00fdch. <\/p>\n<p> Jirka se na \u010dasovku p\u0159ipravuje velmi sv\u011bdomit\u011b, by\u0165 jde o exhibici, pojede sv\u016fj z\u00e1vod na 100%, ostatn\u011b tak, jak je zvykl\u00fd p\u0159i ka\u017ed\u00e9m sv\u00e9m startu. Jak s\u00e1m \u0159\u00edk\u00e1, nem\u016f\u017ee si p\u0159ece, p\u0159ed cel\u00fdm sv\u011btem, ud\u011blat ostudu&#8230; \ud83d\ude42 <br \/> Ano, p\u0159ed cel\u00fdm sv\u011btem. Tour de France je toti\u017e dlouhodob\u011b nejsledovan\u011bj\u0161\u00edm sportovn\u00edm podnikem sv\u011bta, hned po olympijsk\u00fdch hr\u00e1ch a mistrovstv\u00ed sv\u011bta ve fotbale. Jirk\u016fv st\u0159ede\u010dn\u00ed start budou u televizn\u00edch obrazovek i p\u0159\u00edmo na trati ve Francii sledovat miliony div\u00e1k\u016f. <\/p>\n<p> Pro start v z\u00e1vod\u011b m\u00e1 Jirka p\u0159ipraveny hned dva, zcela toto\u017en\u00e9, \u010dasovk\u00e1\u0159sk\u00e9 speci\u00e1ly. Byly vyrobeny Jirkovi na m\u00edru, p\u0159\u00edmo pro tento z\u00e1vod. Geometrie kol je toto\u017en\u00e1 s lond\u00fdnsk\u00fdm zlat\u00fdm speci\u00e1lem, ob\u011b \u201ekozy\u201c, jak se atypick\u00fdm kol\u016fm pro \u010dasovku mezi cyklisty \u0159\u00edk\u00e1, jsou vybaveny elektrick\u00fdmi sadami \u0159azen\u00ed model 2013. <\/p>\n<p> <img decoding=\"async\" src=\"\/wordpress\/image\/sekretarky\/cyklistika\/IMG_4027.jpg\"><\/p>\n","protected":false},"excerpt":{"rendered":"<a href=\"https:\/\/www.caths.cz\/wordpress\/jirku-jezka-ceka-zavod-pred-miliony-divaku-casovka-na-tour-de-france\/\"><img loading=\"lazy\" decoding=\"async\" width=\"100\" height=\"100\" src=\"https:\/\/www.caths.cz\/wordpress\/wp-content\/plugins\/thumbnail-for-excerpts\/tfe_no_thumb.png\" class=\"alignleft wp-post-image tfe\" alt=\"\" title=\"\" \/><\/a><p>Jen t\u011b\u017eko bychom hledali v\u011bt\u0161\u00ed formu propagace sportu handicapovan\u00fdch, ne\u017e je \u00fa\u010dast handicapovan\u00e9ho sportovce na jedn\u00e9 z nejv\u00fdznam\u011bj\u0161\u00edch sportovn\u00edch akc\u00ed sv\u011bta. Ve st\u0159edu 10. \u010dervence 2013 v 9 hodin a [&hellip;]<\/p>\n","protected":false},"author":1,"featured_media":0,"comment_status":"closed","ping_status":"closed","sticky":false,"template":"","format":"standard","meta":{"ngg_post_thumbnail":0,"footnotes":""},"categories":[2],"tags":[],"class_list":["post-2539","post","type-post","status-publish","format-standard","hentry","category-cyklistika"],"_links":{"self":[{"href":"https:\/\/www.caths.cz\/wordpress\/wp-json\/wp\/v2\/posts\/2539","targetHints":{"allow":["GET"]}}],"collection":[{"href":"https:\/\/www.caths.cz\/wordpress\/wp-json\/wp\/v2\/posts"}],"about":[{"href":"https:\/\/www.caths.cz\/wordpress\/wp-json\/wp\/v2\/types\/post"}],"author":[{"embeddable":true,"href":"https:\/\/www.caths.cz\/wordpress\/wp-json\/wp\/v2\/users\/1"}],"replies":[{"embeddable":true,"href":"https:\/\/www.caths.cz\/wordpress\/wp-json\/wp\/v2\/comments?post=2539"}],"version-history":[{"count":0,"href":"https:\/\/www.caths.cz\/wordpress\/wp-json\/wp\/v2\/posts\/2539\/revisions"}],"wp:attachment":[{"href":"https:\/\/www.caths.cz\/wordpress\/wp-json\/wp\/v2\/media?parent=2539"}],"wp:term":[{"taxonomy":"category","embeddable":true,"href":"https:\/\/www.caths.cz\/wordpress\/wp-json\/wp\/v2\/categories?post=2539"},{"taxonomy":"post_tag","embeddable":true,"href":"https:\/\/www.caths.cz\/wordpress\/wp-json\/wp\/v2\/tags?post=2539"}],"curies":[{"name":"wp","href":"https:\/\/api.w.org\/{rel}","templated":true}]}}