{"id":2538,"date":"2013-07-07T19:20:14","date_gmt":"2013-07-07T18:20:14","guid":{"rendered":"http:\/\/www.caths.cz\/wordpress\/?p=2538"},"modified":"2013-07-07T19:20:14","modified_gmt":"2013-07-07T18:20:14","slug":"nutredu-uz-je-20-let-vsechno-nejlepsi-pratele","status":"publish","type":"post","link":"https:\/\/www.caths.cz\/wordpress\/nutredu-uz-je-20-let-vsechno-nejlepsi-pratele\/","title":{"rendered":"NUTREDU u\u017e je 20 let! V\u0161echno nejlep\u0161\u00ed p\u0159\u00e1tel\u00e9!"},"content":{"rendered":"<p>U\u017e dvac\u00e1t\u00e9 narozeniny sv\u00e9 existence oslavila firma NUTREND, v\u00fdznamn\u00fd partner reprezenta\u010dn\u00edho t\u00fdmu t\u011blesn\u011b handicapovan\u00fdch cyklist\u016f.<br \/>\nSpolupr\u00e1ce spole\u010dnosti Nutrend a reprezenta\u010dn\u00edho t\u00fdmu t\u011blesn\u011b handicapovan\u00fdch cyklist\u016f byla zapo\u010data v roce 2007 a pozd\u011bji byla roz\u0161\u00ed\u0159ena na celou \u010cATHS a dokonce i na cel\u00fd paralympijsk\u00fd t\u00fdm.<br \/>\nNutrend je tak\u00e9 gener\u00e1ln\u00edm partnerem cyklistick\u00e9ho t\u00fdmu SKC NUTREND Specialized, d\u00e1le partnerem presti\u017en\u00ed Tr\u00e9ninkov\u00e9 skupiny Viktora Zapletala a hned t\u0159i \u010dlenov\u00e9 tohoto uskupen\u00ed jsou tak\u00e9 \u010dleny hv\u011bzdn\u00e9ho NUTREND T\u00ddMU \u2013 Ji\u0159\u00ed Je\u017eek, Jaroslav Kulhav\u00fd a Michal Prokop. Paralympijsk\u00fd v\u00edt\u011bz, olympijsk\u00fd v\u00edt\u011bz a trojn\u00e1sobn\u00fd mistr sv\u011bta&#8230; <\/p>\n<p> Mezi gratulanty na slavnostn\u00edm ve\u010deru p\u0159\u00edmo v s\u00eddle spole\u010dnosti v Olomouci samoz\u0159ejm\u011b nechyb\u011bli Ji\u0159\u00ed Je\u017eek a tren\u00e9r Viktor Zapletal, kter\u00fd o dosavadn\u00ed spolupr\u00e1ci se spole\u010dnost\u00ed Nutrend \u0159ekl: <br \/> <em>\u201eNa\u0161e spolupr\u00e1ce s firmou NUTREND za\u010dala v dob\u011b, kdy n\u00e1s znalo jen m\u00e1lo lid\u00ed a v podstat\u011b jsme za\u010d\u00ednali budovat sou\u010dasnou koncepci reprezenta\u010dn\u00edho t\u00fdmu t\u011blesn\u011b handicapovan\u00fdch cyklist\u016f a \u00fasp\u011b\u0161n\u00e9 tr\u00e9ninkov\u00e9 metodiky. Nic jsme nem\u011bli, pouze sv\u00e9 vize a pl\u00e1ny a skute\u010dn\u011b jen p\u00e1r p\u0159\u00e1tel n\u00e1m v\u011b\u0159ilo a cht\u011blo pomoci. Nutrend byl jedn\u00edm z nich. A jak jsme stoupali my, stoupala i spole\u010dnost Nutrend. Dnes je tato firma celosv\u011btov\u011b respektovan\u00fd gigant v oboru sportovn\u00ed v\u00fd\u017eivy a dopl\u0148k\u016f stravy a j\u00e1 jsem hrd\u00fd na to, \u017ee na\u0161\u00edm gener\u00e1ln\u00edm partnerem je pr\u00e1v\u011b tato, \u00fasp\u011b\u0161n\u00e1 spole\u010dnost. Zlat\u00e9 a st\u0159\u00edbrn\u00e9 paralympijsk\u00e9 medaile z Lond\u00fdna a zlat\u00e1 olympijsk\u00e1 medaile z Lond\u00fdna je asi t\u00edm nejlep\u0161\u00edm d\u00e1rkem, kter\u00fdm jsme se mohli Nutrendu odvd\u011b\u010dit za mnohaletou podporu. D\u011bkujeme a v\u0161echno nejlep\u0161\u00ed&#8230; :-)\u201c <\/em> <\/p>\n<p> K po\u010detn\u00fdm gratulant\u016fm se p\u0159id\u00e1v\u00e1 i cel\u00e1 \u010cATHS, tak v\u0161echno nejlep\u0161\u00ed mil\u00fd NUTRENDE, d\u011bkujeme a p\u0159ejeme hodn\u011b dal\u0161\u00edch \u00fasp\u011bch\u016f! <\/p>\n<p> <img decoding=\"async\" src=\"\/wordpress\/image\/sekretarky\/nutrend_vyroci.jpg\"><\/p>\n","protected":false},"excerpt":{"rendered":"<a href=\"https:\/\/www.caths.cz\/wordpress\/nutredu-uz-je-20-let-vsechno-nejlepsi-pratele\/\"><img loading=\"lazy\" decoding=\"async\" width=\"100\" height=\"100\" src=\"https:\/\/www.caths.cz\/wordpress\/wp-content\/plugins\/thumbnail-for-excerpts\/tfe_no_thumb.png\" class=\"alignleft wp-post-image tfe\" alt=\"\" title=\"\" \/><\/a><p>U\u017e dvac\u00e1t\u00e9 narozeniny sv\u00e9 existence oslavila firma NUTREND, v\u00fdznamn\u00fd partner reprezenta\u010dn\u00edho t\u00fdmu t\u011blesn\u011b handicapovan\u00fdch cyklist\u016f. Spolupr\u00e1ce spole\u010dnosti Nutrend a reprezenta\u010dn\u00edho t\u00fdmu t\u011blesn\u011b handicapovan\u00fdch cyklist\u016f byla zapo\u010data v roce 2007 a [&hellip;]<\/p>\n","protected":false},"author":1,"featured_media":0,"comment_status":"closed","ping_status":"closed","sticky":false,"template":"","format":"standard","meta":{"ngg_post_thumbnail":0,"footnotes":""},"categories":[6],"tags":[],"class_list":["post-2538","post","type-post","status-publish","format-standard","hentry","category-caths-info"],"_links":{"self":[{"href":"https:\/\/www.caths.cz\/wordpress\/wp-json\/wp\/v2\/posts\/2538","targetHints":{"allow":["GET"]}}],"collection":[{"href":"https:\/\/www.caths.cz\/wordpress\/wp-json\/wp\/v2\/posts"}],"about":[{"href":"https:\/\/www.caths.cz\/wordpress\/wp-json\/wp\/v2\/types\/post"}],"author":[{"embeddable":true,"href":"https:\/\/www.caths.cz\/wordpress\/wp-json\/wp\/v2\/users\/1"}],"replies":[{"embeddable":true,"href":"https:\/\/www.caths.cz\/wordpress\/wp-json\/wp\/v2\/comments?post=2538"}],"version-history":[{"count":0,"href":"https:\/\/www.caths.cz\/wordpress\/wp-json\/wp\/v2\/posts\/2538\/revisions"}],"wp:attachment":[{"href":"https:\/\/www.caths.cz\/wordpress\/wp-json\/wp\/v2\/media?parent=2538"}],"wp:term":[{"taxonomy":"category","embeddable":true,"href":"https:\/\/www.caths.cz\/wordpress\/wp-json\/wp\/v2\/categories?post=2538"},{"taxonomy":"post_tag","embeddable":true,"href":"https:\/\/www.caths.cz\/wordpress\/wp-json\/wp\/v2\/tags?post=2538"}],"curies":[{"name":"wp","href":"https:\/\/api.w.org\/{rel}","templated":true}]}}