{"id":2537,"date":"2013-07-03T19:15:08","date_gmt":"2013-07-03T18:15:08","guid":{"rendered":"http:\/\/www.caths.cz\/wordpress\/?p=2537"},"modified":"2013-07-03T19:15:08","modified_gmt":"2013-07-03T18:15:08","slug":"v-novem-meste-nad-metuji-byl-zahajen-svetovy-pohar-v-lukostrelbe","status":"publish","type":"post","link":"https:\/\/www.caths.cz\/wordpress\/v-novem-meste-nad-metuji-byl-zahajen-svetovy-pohar-v-lukostrelbe\/","title":{"rendered":"V Nov\u00e9m M\u011bst\u011b nad Metuj\u00ed byl zah\u00e1jen sv\u011btov\u00fd poh\u00e1r v lukost\u0159elb\u011b"},"content":{"rendered":"<p>Jedna z vrcholn\u00fdch akc\u00ed sportu handicapovan\u00fdch byla v\u010dera slavnostn\u011b zah\u00e1jena v m\u00edst\u011b kon\u00e1n\u00ed \u2013 Nov\u00e9m M\u011bst\u011b nad Metuj\u00ed. Turnaje se v leto\u0161n\u00edm roce z\u00fa\u010dastn\u00ed v\u00edce ne\u017e 130 lukost\u0159elc\u016f z 20 zem\u00ed cel\u00e9ho sv\u011bta.<img decoding=\"async\" src=\"\/wordpress\/image\/sekretarky\/lukostrelba\/wrt2013\/005.JPG\"> <\/p>\n<p> B\u011bhem v\u010derej\u0161\u00edho odpoledne prob\u011bhl na stadionu Gen.Klap\u00e1lka Sportovn\u00edho klubu Nov\u00e9ho M\u011bsta nad Metuj\u00ed zahajovac\u00ed ceremoni\u00e1l sv\u011btov\u00e9ho rankingov\u00e9ho turnaje v lukost\u0159elb\u011b. <br \/> Za \u010ceskou republiku se jej z\u00fa\u010dastn\u00ed kompletn\u00ed reprezenta\u010dn\u00ed t\u00fdm v\u010detn\u011b st\u0159\u00edbrn\u00e9ho medailisty z Lond\u00fdna Davida Drahon\u00ednsk\u00e9ho. Krom\u011b \u201elond\u00fdnsk\u00e9ho t\u00fdmu\u201c se turnaje z\u00fa\u010dastn\u00ed i dal\u0161\u00ed \u010de\u0161t\u00ed lukost\u0159elci, kte\u0159\u00ed pom\u011b\u0159\u00ed s\u00edly s po\u010detn\u00fdm startovn\u00edm polem soupe\u0159\u016f.<br \/> Dne\u0161n\u00ed den pat\u0159il kvalifikac\u00edm v\u0161ech kategori\u00ed.<\/p>\n<p> V\u00fdsledky a dal\u0161\u00ed informace naleznete <a href=\"http:\/\/www.sportklub.cz\/Articles.aspx?ArtId=774\" target=\"_blank\"> zde<\/a> <\/p>\n<p> <img decoding=\"async\" src=\"\/wordpress\/image\/sekretarky\/lukostrelba\/wrt2013\/001.JPG\"> <\/p>\n<p> <img decoding=\"async\" src=\"\/wordpress\/image\/sekretarky\/lukostrelba\/wrt2013\/012.JPG\"> <\/p>\n<p> <img decoding=\"async\" src=\"\/wordpress\/image\/sekretarky\/lukostrelba\/wrt2013\/020.JPG\"> <\/p>\n<p> <img decoding=\"async\" src=\"\/wordpress\/image\/sekretarky\/lukostrelba\/wrt2013\/025.JPG\"> <\/p>\n<p> <img decoding=\"async\" src=\"\/wordpress\/image\/sekretarky\/lukostrelba\/wrt2013\/037.JPG\"> <\/p>\n<p> <img decoding=\"async\" src=\"\/wordpress\/image\/sekretarky\/lukostrelba\/wrt2013\/039.JPG\"> <\/p>\n<p> <img decoding=\"async\" src=\"\/wordpress\/image\/sekretarky\/lukostrelba\/wrt2013\/041.JPG\"> <\/p>\n<p> <img decoding=\"async\" src=\"\/wordpress\/image\/sekretarky\/lukostrelba\/wrt2013\/047.JPG\"> <\/p>\n<p> <img decoding=\"async\" src=\"\/wordpress\/image\/sekretarky\/lukostrelba\/wrt2013\/055.JPG\"> <\/p>\n","protected":false},"excerpt":{"rendered":"<a href=\"https:\/\/www.caths.cz\/wordpress\/v-novem-meste-nad-metuji-byl-zahajen-svetovy-pohar-v-lukostrelbe\/\"><img loading=\"lazy\" decoding=\"async\" width=\"100\" height=\"100\" src=\"https:\/\/www.caths.cz\/wordpress\/wp-content\/plugins\/thumbnail-for-excerpts\/tfe_no_thumb.png\" class=\"alignleft wp-post-image tfe\" alt=\"\" title=\"\" \/><\/a><p>Jedna z vrcholn\u00fdch akc\u00ed sportu handicapovan\u00fdch byla v\u010dera slavnostn\u011b zah\u00e1jena v m\u00edst\u011b kon\u00e1n\u00ed \u2013 Nov\u00e9m M\u011bst\u011b nad Metuj\u00ed. Turnaje se v leto\u0161n\u00edm roce z\u00fa\u010dastn\u00ed v\u00edce ne\u017e 130 lukost\u0159elc\u016f z 20 [&hellip;]<\/p>\n","protected":false},"author":1,"featured_media":0,"comment_status":"closed","ping_status":"closed","sticky":false,"template":"","format":"standard","meta":{"ngg_post_thumbnail":0,"footnotes":""},"categories":[13],"tags":[],"class_list":["post-2537","post","type-post","status-publish","format-standard","hentry","category-lukostrelba"],"_links":{"self":[{"href":"https:\/\/www.caths.cz\/wordpress\/wp-json\/wp\/v2\/posts\/2537","targetHints":{"allow":["GET"]}}],"collection":[{"href":"https:\/\/www.caths.cz\/wordpress\/wp-json\/wp\/v2\/posts"}],"about":[{"href":"https:\/\/www.caths.cz\/wordpress\/wp-json\/wp\/v2\/types\/post"}],"author":[{"embeddable":true,"href":"https:\/\/www.caths.cz\/wordpress\/wp-json\/wp\/v2\/users\/1"}],"replies":[{"embeddable":true,"href":"https:\/\/www.caths.cz\/wordpress\/wp-json\/wp\/v2\/comments?post=2537"}],"version-history":[{"count":0,"href":"https:\/\/www.caths.cz\/wordpress\/wp-json\/wp\/v2\/posts\/2537\/revisions"}],"wp:attachment":[{"href":"https:\/\/www.caths.cz\/wordpress\/wp-json\/wp\/v2\/media?parent=2537"}],"wp:term":[{"taxonomy":"category","embeddable":true,"href":"https:\/\/www.caths.cz\/wordpress\/wp-json\/wp\/v2\/categories?post=2537"},{"taxonomy":"post_tag","embeddable":true,"href":"https:\/\/www.caths.cz\/wordpress\/wp-json\/wp\/v2\/tags?post=2537"}],"curies":[{"name":"wp","href":"https:\/\/api.w.org\/{rel}","templated":true}]}}