{"id":2536,"date":"2013-07-01T19:38:04","date_gmt":"2013-07-01T18:38:04","guid":{"rendered":"http:\/\/www.caths.cz\/wordpress\/?p=2536"},"modified":"2013-07-01T19:38:04","modified_gmt":"2013-07-01T18:38:04","slug":"evropsky-pohar-v-lounech-za-ucasti-paralympijskych-vitezu","status":"publish","type":"post","link":"https:\/\/www.caths.cz\/wordpress\/evropsky-pohar-v-lounech-za-ucasti-paralympijskych-vitezu\/","title":{"rendered":"Evropsk\u00fd poh\u00e1r v Lounech za \u00fa\u010dasti paralympijsk\u00fdch v\u00edt\u011bz\u016f"},"content":{"rendered":"<p>Uplynulou sobotu prob\u011bhl v Lounech tradi\u010dn\u00ed z\u00e1vod EHC handbik\u016f. Za ide\u00e1ln\u00edho cyklistick\u00e9ho po\u010das\u00ed se se\u0161lo na startu v\u00edce n\u011b\u017e sedmdes\u00e1tka z\u00e1vodn\u00edk\u016f. Startovn\u00ed pole bylo oko\u0159en\u011bno \u00fa\u010dast\u00ed elitn\u00edch jezdc\u016f &#8211; paralympijsk\u00fdch v\u00edt\u011bz\u016f Rafalem Wilkem (POL) a Walterem Ablingerem (AUT) nebo medailist\u016f z Lond\u00fdna Schattauerem (AUT) a Joelem Jeannotem.Dopoledn\u00ed \u010dasovku ovl\u00e1dli pr\u00e1v\u011b v\u00fd\u0161e jmenovan\u00ed. V kategorii H1 zv\u00edt\u011bzil Wolfgang Schattauer, v kategorii H2 Walter Ablinger a v H3 Rafal Wilk p\u0159ed Joelem Jeannotem. \u010ce\u0161t\u00ed z\u00e1vodn\u00edci bohu\u017eel na prvn\u00ed m\u00edsta nedos\u00e1hli. V nejpo\u010detn\u011bj\u0161\u00ed kategorii H2 skon\u010dil nejv\u00fd\u0161e Jan Tom\u00e1nek na 8.m\u00edst\u011b, hned za n\u00edm dojel V\u00e1clav Antal na 9. a Tom\u00e1\u0161 Mo\u0161ni\u010dka na 10.m\u00edst\u011b. V kategorii H1 dojel na 3.m\u00edst\u011b Martin Kov\u00e1\u0159, Pavel Folt\u00fdn z\u00e1vod nedokon\u010dil. V kategorii H3 pak 11.m\u00edstem zakon\u010dil \u010dasovku Mirek \u0160ulc. <br \/> V silni\u010dn\u00edm z\u00e1vod\u011b se po\u0159ad\u00ed na prvn\u00edch m\u00edstech p\u0159\u00edli\u0161 nezm\u011bnilo. Kategorie H1 i H3 m\u011bly stejn\u00e9 v\u00edt\u011bze, pouze v H2 se musel Ablinger sklonit p\u0159ed v\u00fdkonem Francouzem Franekem. V\u00e1clav Antal skon\u010dil na \u0161est\u00e9m m\u00edst\u011b, p\u0159ed Honzou Tom\u00e1nkem v kategorii H2, polep\u0161il si i Mirek \u0160ulc, kter\u00fd skon\u010dil na 9.m\u00edst\u011b. <\/p>\n<p> Celkov\u00e9 v\u00fdsledky naleznete <a href=\"http:\/\/www.championchip.cz\/new\/akce.php?idakce=2013062910\" target=\"_blank\"> zde<\/a> <\/p>\n<p> Fotogalerii ze z\u00e1vodu naleznete <a href=\"http:\/\/litomerice.5plus2.cz\/18514\/handicapovani- roztocili-kola\/&#038;fotografie=34874\" target=\"_blank\"> zde<\/a> <\/p>\n<p> <img decoding=\"async\" src=\"\/wordpress\/image\/sekretarky\/handbike\/louny2013.jpg\"><\/p>\n","protected":false},"excerpt":{"rendered":"<a href=\"https:\/\/www.caths.cz\/wordpress\/evropsky-pohar-v-lounech-za-ucasti-paralympijskych-vitezu\/\"><img loading=\"lazy\" decoding=\"async\" width=\"100\" height=\"100\" src=\"https:\/\/www.caths.cz\/wordpress\/wp-content\/plugins\/thumbnail-for-excerpts\/tfe_no_thumb.png\" class=\"alignleft wp-post-image tfe\" alt=\"\" title=\"\" \/><\/a><p>Uplynulou sobotu prob\u011bhl v Lounech tradi\u010dn\u00ed z\u00e1vod EHC handbik\u016f. Za ide\u00e1ln\u00edho cyklistick\u00e9ho po\u010das\u00ed se se\u0161lo na startu v\u00edce n\u011b\u017e sedmdes\u00e1tka z\u00e1vodn\u00edk\u016f. Startovn\u00ed pole bylo oko\u0159en\u011bno \u00fa\u010dast\u00ed elitn\u00edch jezdc\u016f &#8211; paralympijsk\u00fdch [&hellip;]<\/p>\n","protected":false},"author":1,"featured_media":0,"comment_status":"closed","ping_status":"closed","sticky":false,"template":"","format":"standard","meta":{"ngg_post_thumbnail":0,"footnotes":""},"categories":[9],"tags":[],"class_list":["post-2536","post","type-post","status-publish","format-standard","hentry","category-handbike"],"_links":{"self":[{"href":"https:\/\/www.caths.cz\/wordpress\/wp-json\/wp\/v2\/posts\/2536","targetHints":{"allow":["GET"]}}],"collection":[{"href":"https:\/\/www.caths.cz\/wordpress\/wp-json\/wp\/v2\/posts"}],"about":[{"href":"https:\/\/www.caths.cz\/wordpress\/wp-json\/wp\/v2\/types\/post"}],"author":[{"embeddable":true,"href":"https:\/\/www.caths.cz\/wordpress\/wp-json\/wp\/v2\/users\/1"}],"replies":[{"embeddable":true,"href":"https:\/\/www.caths.cz\/wordpress\/wp-json\/wp\/v2\/comments?post=2536"}],"version-history":[{"count":0,"href":"https:\/\/www.caths.cz\/wordpress\/wp-json\/wp\/v2\/posts\/2536\/revisions"}],"wp:attachment":[{"href":"https:\/\/www.caths.cz\/wordpress\/wp-json\/wp\/v2\/media?parent=2536"}],"wp:term":[{"taxonomy":"category","embeddable":true,"href":"https:\/\/www.caths.cz\/wordpress\/wp-json\/wp\/v2\/categories?post=2536"},{"taxonomy":"post_tag","embeddable":true,"href":"https:\/\/www.caths.cz\/wordpress\/wp-json\/wp\/v2\/tags?post=2536"}],"curies":[{"name":"wp","href":"https:\/\/api.w.org\/{rel}","templated":true}]}}