{"id":2535,"date":"2013-06-27T13:49:15","date_gmt":"2013-06-27T12:49:15","guid":{"rendered":"http:\/\/www.caths.cz\/wordpress\/?p=2535"},"modified":"2013-06-27T13:49:15","modified_gmt":"2013-06-27T12:49:15","slug":"cesky-stolni-tenista-kraloval-na-hrach-mladeze-v-brne","status":"publish","type":"post","link":"https:\/\/www.caths.cz\/wordpress\/cesky-stolni-tenista-kraloval-na-hrach-mladeze-v-brne\/","title":{"rendered":"\u010cesk\u00fd stoln\u00ed tenista kraloval na Hr\u00e1ch ml\u00e1de\u017ee v Brn\u011b"},"content":{"rendered":"<p>V uplynul\u00e9m t\u00fddnu prob\u011bhly v Brn\u011b Mezin\u00e1rodn\u00ed hry handicapovan\u00e9 ml\u00e1de\u017ee, kter\u00e9 ka\u017edoro\u010dn\u011b po\u0159\u00e1d\u00e1 nadace Emil. So sout\u011b\u017e\u00ed nastoupili i sportovci \u010cATHS, kte\u0159\u00ed p\u0159edvedli skv\u011bl\u00e9 v\u00fdkony a vybojovali cenn\u00e9 kovy.Jedn\u00edm z \u010cech\u016f, kter\u00fd exceloval v sout\u011b\u017ei, byl mlad\u00fd stoln\u00ed tenista David P\u016flp\u00e1n. V pr\u016fb\u011bhu turnaje p\u0159edvedl bezchybn\u00fd v\u00fdkon, v p\u011bti z\u00e1pasech prohr\u00e1l jedin\u00fd set a s p\u0159ehledem vybojoval zlatou medaili. <\/p>\n<p> Dal\u0161\u00ed \u00fasp\u011bchy p\u0159ivezli z her atleti Martin Kukla, kter\u00fd vyhr\u00e1l sout\u011b\u017e v o\u0161t\u011bpu a z\u00edskal bronz v disku. Luk\u00e1\u0161 \u0160t\u011bpjak dv\u011b \u010dtvrt\u00e1 m\u00edsta v o\u0161t\u011bpu a disku. <br \/> V hodu ku\u017eelkou se p\u0159edstavily dv\u011b mladink\u00e9 atletky z AK Olomouc Ad\u00e9lka Sekyrov\u00e1 a Anna Muzikov\u00e1, je\u017e si zapsaly do tabulek uctihodn\u00e9 v\u00fdkony p\u0159es 11 m. <\/p>\n<p> <img decoding=\"async\" src=\"\/wordpress\/image\/sekretarky\/pulpan.JPG\"><\/p>\n","protected":false},"excerpt":{"rendered":"<a href=\"https:\/\/www.caths.cz\/wordpress\/cesky-stolni-tenista-kraloval-na-hrach-mladeze-v-brne\/\"><img loading=\"lazy\" decoding=\"async\" width=\"100\" height=\"100\" src=\"https:\/\/www.caths.cz\/wordpress\/wp-content\/plugins\/thumbnail-for-excerpts\/tfe_no_thumb.png\" class=\"alignleft wp-post-image tfe\" alt=\"\" title=\"\" \/><\/a><p>V uplynul\u00e9m t\u00fddnu prob\u011bhly v Brn\u011b Mezin\u00e1rodn\u00ed hry handicapovan\u00e9 ml\u00e1de\u017ee, kter\u00e9 ka\u017edoro\u010dn\u011b po\u0159\u00e1d\u00e1 nadace Emil. So sout\u011b\u017e\u00ed nastoupili i sportovci \u010cATHS, kte\u0159\u00ed p\u0159edvedli skv\u011bl\u00e9 v\u00fdkony a vybojovali cenn\u00e9 kovy.Jedn\u00edm z [&hellip;]<\/p>\n","protected":false},"author":1,"featured_media":0,"comment_status":"closed","ping_status":"closed","sticky":false,"template":"","format":"standard","meta":{"ngg_post_thumbnail":0,"footnotes":""},"categories":[6],"tags":[],"class_list":["post-2535","post","type-post","status-publish","format-standard","hentry","category-caths-info"],"_links":{"self":[{"href":"https:\/\/www.caths.cz\/wordpress\/wp-json\/wp\/v2\/posts\/2535","targetHints":{"allow":["GET"]}}],"collection":[{"href":"https:\/\/www.caths.cz\/wordpress\/wp-json\/wp\/v2\/posts"}],"about":[{"href":"https:\/\/www.caths.cz\/wordpress\/wp-json\/wp\/v2\/types\/post"}],"author":[{"embeddable":true,"href":"https:\/\/www.caths.cz\/wordpress\/wp-json\/wp\/v2\/users\/1"}],"replies":[{"embeddable":true,"href":"https:\/\/www.caths.cz\/wordpress\/wp-json\/wp\/v2\/comments?post=2535"}],"version-history":[{"count":0,"href":"https:\/\/www.caths.cz\/wordpress\/wp-json\/wp\/v2\/posts\/2535\/revisions"}],"wp:attachment":[{"href":"https:\/\/www.caths.cz\/wordpress\/wp-json\/wp\/v2\/media?parent=2535"}],"wp:term":[{"taxonomy":"category","embeddable":true,"href":"https:\/\/www.caths.cz\/wordpress\/wp-json\/wp\/v2\/categories?post=2535"},{"taxonomy":"post_tag","embeddable":true,"href":"https:\/\/www.caths.cz\/wordpress\/wp-json\/wp\/v2\/tags?post=2535"}],"curies":[{"name":"wp","href":"https:\/\/api.w.org\/{rel}","templated":true}]}}