{"id":2534,"date":"2013-06-21T08:38:10","date_gmt":"2013-06-21T07:38:10","guid":{"rendered":"http:\/\/www.caths.cz\/wordpress\/?p=2534"},"modified":"2013-06-21T08:38:10","modified_gmt":"2013-06-21T07:38:10","slug":"pardubicti-atleti-bojovali-v-berline","status":"publish","type":"post","link":"https:\/\/www.caths.cz\/wordpress\/pardubicti-atleti-bojovali-v-berline\/","title":{"rendered":"Pardubi\u010dt\u00ed atleti bojovali v Berl\u00edn\u011b"},"content":{"rendered":"<p>Jako ka\u017ed\u00fd rok se v n\u011bmeck\u00e9m Berl\u00edn\u011b konalo mezin\u00e1rodn\u00ed otev\u0159en\u00e9 Mistrovstv\u00ed N\u011bmecka v atletice handicapovan\u00fdch. Z Pardubic na tento z\u00e1vod vyrazili 3 atletiky Hv\u011bzdy SKP Pardubice.V p\u00e1tek startovala Vendula P\u00edsa\u0159\u00edkov\u00e1 v hodu ku\u017eelkou, a v n\u00e1ro\u010dn\u00e9 konkurenci vybojovala druhou p\u0159\u00ed\u010dku v\u00fdkonem na hranici 12,5 m. V Ned\u011bli pak startovali na\u0161i 2 diska\u0159i. L\u00e9pe se se sektorem a n\u011bmeck\u00fdm klimatem popasoval Viktor U\u0159idil, kter\u00fd si z Berl\u00edna odvezl zlep\u0161en\u00fd osobn\u00ed rekord o 2 cm a v\u00fdkon 30,78 m. Nejdel\u0161\u00ed pokusy vyst\u0159\u00edlel do klece Jaroslav Petrou\u0161 a po m\u011b\u0159en\u00ed byl nakonec zaps\u00e1n v\u00fdkon 46,92 m. <br \/> Mistrovstv\u00ed N\u011bmecka bylo jednou z posledn\u00edch mo\u017enost\u00ed plnit n\u00e1ro\u010dn\u00e9 kvalifika\u010dn\u00ed limity na Mistrovstv\u00ed sv\u011bta v atletice handicapovan\u00fdch. Bilance na\u0161ich atlet\u016f je: Vendula P\u00edsa\u0159\u00edkov\u00e1 A limit, Jaroslav Petrou\u0161 A limit, Viktor U\u0159idil B limit.<\/p>\n","protected":false},"excerpt":{"rendered":"<a href=\"https:\/\/www.caths.cz\/wordpress\/pardubicti-atleti-bojovali-v-berline\/\"><img loading=\"lazy\" decoding=\"async\" width=\"100\" height=\"100\" src=\"https:\/\/www.caths.cz\/wordpress\/wp-content\/plugins\/thumbnail-for-excerpts\/tfe_no_thumb.png\" class=\"alignleft wp-post-image tfe\" alt=\"\" title=\"\" \/><\/a><p>Jako ka\u017ed\u00fd rok se v n\u011bmeck\u00e9m Berl\u00edn\u011b konalo mezin\u00e1rodn\u00ed otev\u0159en\u00e9 Mistrovstv\u00ed N\u011bmecka v atletice handicapovan\u00fdch. Z Pardubic na tento z\u00e1vod vyrazili 3 atletiky Hv\u011bzdy SKP Pardubice.V p\u00e1tek startovala Vendula P\u00edsa\u0159\u00edkov\u00e1 [&hellip;]<\/p>\n","protected":false},"author":1,"featured_media":0,"comment_status":"closed","ping_status":"closed","sticky":false,"template":"","format":"standard","meta":{"ngg_post_thumbnail":0,"footnotes":""},"categories":[5],"tags":[],"class_list":["post-2534","post","type-post","status-publish","format-standard","hentry","category-atletika"],"_links":{"self":[{"href":"https:\/\/www.caths.cz\/wordpress\/wp-json\/wp\/v2\/posts\/2534","targetHints":{"allow":["GET"]}}],"collection":[{"href":"https:\/\/www.caths.cz\/wordpress\/wp-json\/wp\/v2\/posts"}],"about":[{"href":"https:\/\/www.caths.cz\/wordpress\/wp-json\/wp\/v2\/types\/post"}],"author":[{"embeddable":true,"href":"https:\/\/www.caths.cz\/wordpress\/wp-json\/wp\/v2\/users\/1"}],"replies":[{"embeddable":true,"href":"https:\/\/www.caths.cz\/wordpress\/wp-json\/wp\/v2\/comments?post=2534"}],"version-history":[{"count":0,"href":"https:\/\/www.caths.cz\/wordpress\/wp-json\/wp\/v2\/posts\/2534\/revisions"}],"wp:attachment":[{"href":"https:\/\/www.caths.cz\/wordpress\/wp-json\/wp\/v2\/media?parent=2534"}],"wp:term":[{"taxonomy":"category","embeddable":true,"href":"https:\/\/www.caths.cz\/wordpress\/wp-json\/wp\/v2\/categories?post=2534"},{"taxonomy":"post_tag","embeddable":true,"href":"https:\/\/www.caths.cz\/wordpress\/wp-json\/wp\/v2\/tags?post=2534"}],"curies":[{"name":"wp","href":"https:\/\/api.w.org\/{rel}","templated":true}]}}