{"id":2532,"date":"2013-06-17T22:13:09","date_gmt":"2013-06-17T21:13:09","guid":{"rendered":"http:\/\/www.caths.cz\/wordpress\/?p=2532"},"modified":"2013-06-17T22:13:09","modified_gmt":"2013-06-17T21:13:09","slug":"jiri-jezek-stribrny-v-silnicnim-zavode-vede-celkove-poradi-svetoveho-poharu","status":"publish","type":"post","link":"https:\/\/www.caths.cz\/wordpress\/jiri-jezek-stribrny-v-silnicnim-zavode-vede-celkove-poradi-svetoveho-poharu\/","title":{"rendered":"Ji\u0159\u00ed Je\u017eek, st\u0159\u00edbrn\u00fd v silni\u010dn\u00edm z\u00e1vod\u011b, vede celkov\u00e9 po\u0159ad\u00ed sv\u011btov\u00e9ho poh\u00e1ru"},"content":{"rendered":"<p>Na v\u00fdborn\u00fd v\u00fdkon v p\u00e1te\u010dn\u00ed \u010dasovce Sv\u011btov\u00e9ho poh\u00e1ru ve \u0160pan\u011blsku dok\u00e1zal nav\u00e1zat paralympijsk\u00fd v\u00edt\u011bz Ji\u0159\u00ed Je\u017eek i v ned\u011bln\u00edm silni\u010dn\u00edm z\u00e1vod\u011b, kde obsadil druh\u00e9 m\u00edsto.<br \/>\nSilni\u010dn\u00ed z\u00e1vod kategorie C4 byl dramatick\u00fd a\u017e do posledn\u00edho metru a o v\u00edt\u011bzi rozhodnul a\u017e z\u00e1v\u011bre\u010dn\u00fd spurt ke hradu Cuellar.<br \/>\nJi\u0159\u00ed Je\u017eek si tak upevnil veden\u00ed v celkov\u00e9 kvalifikaci sv\u011btov\u00e9ho poh\u00e1ru, jeho\u017e z\u00e1v\u011bre\u010dn\u00fd podnik se uskute\u010dn\u00ed v polovin\u011b srpna v kanadsk\u00e9m m\u011bste\u010dku Matane.<br \/> Tereza Diepoldov\u00e1, kterou po cel\u00fd v\u00edkend tr\u00e1pily zdravotn\u00ed komplikace, vybojovala v silni\u010dn\u00edm z\u00e1vod\u011b bronz. <\/p>\n<p> <img decoding=\"async\" src=\"\/wordpress\/image\/sekretarky\/cyklistika\/sp segovia 13\/136.JPG\"> <\/p>\n<p> <img decoding=\"async\" src=\"\/wordpress\/image\/sekretarky\/cyklistika\/sp segovia 13\/166.JPG\"> <\/p>\n<p> <img decoding=\"async\" src=\"\/wordpress\/image\/sekretarky\/cyklistika\/sp segovia 13\/209.JPG\"> <\/p>\n","protected":false},"excerpt":{"rendered":"<a href=\"https:\/\/www.caths.cz\/wordpress\/jiri-jezek-stribrny-v-silnicnim-zavode-vede-celkove-poradi-svetoveho-poharu\/\"><img loading=\"lazy\" decoding=\"async\" width=\"100\" height=\"100\" src=\"https:\/\/www.caths.cz\/wordpress\/wp-content\/plugins\/thumbnail-for-excerpts\/tfe_no_thumb.png\" class=\"alignleft wp-post-image tfe\" alt=\"\" title=\"\" \/><\/a><p>Na v\u00fdborn\u00fd v\u00fdkon v p\u00e1te\u010dn\u00ed \u010dasovce Sv\u011btov\u00e9ho poh\u00e1ru ve \u0160pan\u011blsku dok\u00e1zal nav\u00e1zat paralympijsk\u00fd v\u00edt\u011bz Ji\u0159\u00ed Je\u017eek i v ned\u011bln\u00edm silni\u010dn\u00edm z\u00e1vod\u011b, kde obsadil druh\u00e9 m\u00edsto. Silni\u010dn\u00ed z\u00e1vod kategorie C4 byl [&hellip;]<\/p>\n","protected":false},"author":1,"featured_media":0,"comment_status":"closed","ping_status":"closed","sticky":false,"template":"","format":"standard","meta":{"ngg_post_thumbnail":0,"footnotes":""},"categories":[2],"tags":[],"class_list":["post-2532","post","type-post","status-publish","format-standard","hentry","category-cyklistika"],"_links":{"self":[{"href":"https:\/\/www.caths.cz\/wordpress\/wp-json\/wp\/v2\/posts\/2532","targetHints":{"allow":["GET"]}}],"collection":[{"href":"https:\/\/www.caths.cz\/wordpress\/wp-json\/wp\/v2\/posts"}],"about":[{"href":"https:\/\/www.caths.cz\/wordpress\/wp-json\/wp\/v2\/types\/post"}],"author":[{"embeddable":true,"href":"https:\/\/www.caths.cz\/wordpress\/wp-json\/wp\/v2\/users\/1"}],"replies":[{"embeddable":true,"href":"https:\/\/www.caths.cz\/wordpress\/wp-json\/wp\/v2\/comments?post=2532"}],"version-history":[{"count":0,"href":"https:\/\/www.caths.cz\/wordpress\/wp-json\/wp\/v2\/posts\/2532\/revisions"}],"wp:attachment":[{"href":"https:\/\/www.caths.cz\/wordpress\/wp-json\/wp\/v2\/media?parent=2532"}],"wp:term":[{"taxonomy":"category","embeddable":true,"href":"https:\/\/www.caths.cz\/wordpress\/wp-json\/wp\/v2\/categories?post=2532"},{"taxonomy":"post_tag","embeddable":true,"href":"https:\/\/www.caths.cz\/wordpress\/wp-json\/wp\/v2\/tags?post=2532"}],"curies":[{"name":"wp","href":"https:\/\/api.w.org\/{rel}","templated":true}]}}