{"id":2531,"date":"2013-06-15T19:38:18","date_gmt":"2013-06-15T18:38:18","guid":{"rendered":"http:\/\/www.caths.cz\/wordpress\/?p=2531"},"modified":"2013-06-15T19:38:18","modified_gmt":"2013-06-15T18:38:18","slug":"jiri-jezek-znovu-neporazitelny-v-casovce-svetoveho-poharu","status":"publish","type":"post","link":"https:\/\/www.caths.cz\/wordpress\/jiri-jezek-znovu-neporazitelny-v-casovce-svetoveho-poharu\/","title":{"rendered":"Ji\u0159\u00ed Je\u017eek \u2013 znovu neporaziteln\u00fd v \u010dasovce sv\u011btov\u00e9ho poh\u00e1ru"},"content":{"rendered":"<p align=\"justify\">\n\u0160pan\u011blsk\u00e1 provincie Castilla y Leon s n\u00e1dhern\u00fdm historick\u00fdm m\u011bstem Segovia je od p\u00e1tku d\u011bji\u0161t\u011bm dal\u0161\u00edho podniku sv\u011btov\u00e9ho poh\u00e1ru handicapovan\u00fdch cyklist\u016f.<\/p>\n<p align=\"justify\"> Vysok\u00e9 venkovn\u00ed teploty p\u0159esahuj\u00edc\u00ed 34 stup\u0148\u016f v m\u011bste\u010dku Celullar s dominantou starobyl\u00e9ho hradu p\u0159iv\u00edtaly v p\u00e1tek nejlep\u0161\u00ed \u010dasovk\u00e1\u0159e sv\u011bta. Jen m\u00edrn\u011b zvln\u011bn\u00fd okruh \u010dasovky s nep\u0159\u00edjemn\u00fdm bo\u010dn\u00edm v\u011btrem byl mnohem t\u011b\u017e\u0161\u00ed, ne\u017e na prvn\u00ed pohled vypadal a div\u00e1ci vid\u011bli n\u00e1dhern\u00e9 souboje, kter\u00e9 m\u011bnily kone\u010dn\u00e9 po\u0159ad\u00ed doslova v setin\u00e1ch sekundy.<br \/> Toto je ov\u0161em net\u00fdkalo paralympijsk\u00e9ho v\u00edt\u011bze Ji\u0159\u00edho Je\u017eka, kter\u00fd u\u017e v polovin\u011b z\u00e1vodu disponoval 15 sekundov\u00fdm n\u00e1skokem na druh\u00e9ho Roberta Alcaideho ze \u0160pan\u011blska a tento n\u00e1skok dok\u00e1zal ve druh\u00e9m kole je\u0161t\u011b zdvojn\u00e1sobit. <br \/>Jirka se tak v\u00edt\u011bzstv\u00edm v \u010dasovce posunul i do veden\u00ed celkov\u00e9ho po\u0159ad\u00ed Sv\u011btov\u00e9ho poh\u00e1ru. <br \/>Na \u00fasp\u011b\u0161n\u00fd z\u00e1vod sv\u011btov\u00e9ho poh\u00e1ru v minul\u00e9m t\u00fddnu v It\u00e1li nav\u00e1zala i na\u0161e nej\u00fasp\u011b\u0161n\u011bj\u0161\u00ed handicapovan\u00e1 cyklistka sou\u010dasnosti, Tereza Diepoldov\u00e1, kter\u00e1 vybojovala t\u0159et\u00ed m\u00edsto p\u0159ed Alison Jones z USA a Raquel Acinas Poncelas ze \u0160pan\u011blska. <\/p>\n<p><strong>Fotoreport <a href=\"http:\/\/www.caths.cz\/index.php?page=clanek&#038;id=2275\" target=\"_blank\"> zde<\/a><\/strong> <\/p>\n","protected":false},"excerpt":{"rendered":"<a href=\"https:\/\/www.caths.cz\/wordpress\/jiri-jezek-znovu-neporazitelny-v-casovce-svetoveho-poharu\/\"><img loading=\"lazy\" decoding=\"async\" width=\"100\" height=\"100\" src=\"https:\/\/www.caths.cz\/wordpress\/wp-content\/plugins\/thumbnail-for-excerpts\/tfe_no_thumb.png\" class=\"alignleft wp-post-image tfe\" alt=\"\" title=\"\" \/><\/a><p>\u0160pan\u011blsk\u00e1 provincie Castilla y Leon s n\u00e1dhern\u00fdm historick\u00fdm m\u011bstem Segovia je od p\u00e1tku d\u011bji\u0161t\u011bm dal\u0161\u00edho podniku sv\u011btov\u00e9ho poh\u00e1ru handicapovan\u00fdch cyklist\u016f. Vysok\u00e9 venkovn\u00ed teploty p\u0159esahuj\u00edc\u00ed 34 stup\u0148\u016f v m\u011bste\u010dku Celullar s [&hellip;]<\/p>\n","protected":false},"author":1,"featured_media":0,"comment_status":"closed","ping_status":"closed","sticky":false,"template":"","format":"standard","meta":{"ngg_post_thumbnail":0,"footnotes":""},"categories":[2],"tags":[],"class_list":["post-2531","post","type-post","status-publish","format-standard","hentry","category-cyklistika"],"_links":{"self":[{"href":"https:\/\/www.caths.cz\/wordpress\/wp-json\/wp\/v2\/posts\/2531","targetHints":{"allow":["GET"]}}],"collection":[{"href":"https:\/\/www.caths.cz\/wordpress\/wp-json\/wp\/v2\/posts"}],"about":[{"href":"https:\/\/www.caths.cz\/wordpress\/wp-json\/wp\/v2\/types\/post"}],"author":[{"embeddable":true,"href":"https:\/\/www.caths.cz\/wordpress\/wp-json\/wp\/v2\/users\/1"}],"replies":[{"embeddable":true,"href":"https:\/\/www.caths.cz\/wordpress\/wp-json\/wp\/v2\/comments?post=2531"}],"version-history":[{"count":0,"href":"https:\/\/www.caths.cz\/wordpress\/wp-json\/wp\/v2\/posts\/2531\/revisions"}],"wp:attachment":[{"href":"https:\/\/www.caths.cz\/wordpress\/wp-json\/wp\/v2\/media?parent=2531"}],"wp:term":[{"taxonomy":"category","embeddable":true,"href":"https:\/\/www.caths.cz\/wordpress\/wp-json\/wp\/v2\/categories?post=2531"},{"taxonomy":"post_tag","embeddable":true,"href":"https:\/\/www.caths.cz\/wordpress\/wp-json\/wp\/v2\/tags?post=2531"}],"curies":[{"name":"wp","href":"https:\/\/api.w.org\/{rel}","templated":true}]}}