{"id":2530,"date":"2013-06-15T17:51:25","date_gmt":"2013-06-15T16:51:25","guid":{"rendered":"http:\/\/www.caths.cz\/wordpress\/?p=2530"},"modified":"2013-06-15T17:51:25","modified_gmt":"2013-06-15T16:51:25","slug":"fotoreport-ze-sp-cyklistu-v-segovii-casovka","status":"publish","type":"post","link":"https:\/\/www.caths.cz\/wordpress\/fotoreport-ze-sp-cyklistu-v-segovii-casovka\/","title":{"rendered":"Fotoreport ze SP cyklist\u016f v Segovii &#8211; \u010dasovka"},"content":{"rendered":"<p>Foto: S. Je\u017ekov\u00e1, J. Krakovi\u010dov\u00e1<img decoding=\"async\" src=\"\/wordpress\/image\/k_clankum\/segovia2013\/1.JPG\"> <\/p>\n<p><img decoding=\"async\" src=\"\/wordpress\/image\/k_clankum\/segovia2013\/2.JPG\"> <\/p>\n<p><img decoding=\"async\" src=\"\/wordpress\/image\/k_clankum\/segovia2013\/3.JPG\"> <\/p>\n<p><img decoding=\"async\" src=\"\/wordpress\/image\/k_clankum\/segovia2013\/4.JPG\"> <\/p>\n<p><img decoding=\"async\" src=\"\/wordpress\/image\/k_clankum\/segovia2013\/5.JPG\"> <\/p>\n<p><img decoding=\"async\" src=\"\/wordpress\/image\/k_clankum\/segovia2013\/6.JPG\"> <\/p>\n<p><img decoding=\"async\" src=\"\/wordpress\/image\/k_clankum\/segovia2013\/7.JPG\"> <\/p>\n<p><img decoding=\"async\" src=\"\/wordpress\/image\/k_clankum\/segovia2013\/8.JPG\"> <\/p>\n<p><img decoding=\"async\" src=\"\/wordpress\/image\/k_clankum\/segovia2013\/9.JPG\"> <\/p>\n<p><img decoding=\"async\" src=\"\/wordpress\/image\/k_clankum\/segovia2013\/10.JPG\"> <\/p>\n<p><img decoding=\"async\" src=\"\/wordpress\/image\/k_clankum\/segovia2013\/11.JPG\"> <\/p>\n<p><img decoding=\"async\" src=\"\/wordpress\/image\/k_clankum\/segovia2013\/12.JPG\"> <\/p>\n<p><img decoding=\"async\" src=\"\/wordpress\/image\/k_clankum\/segovia2013\/13.JPG\"> <\/p>\n<p><img decoding=\"async\" src=\"\/wordpress\/image\/k_clankum\/segovia2013\/14.JPG\"> <\/p>\n<p><img decoding=\"async\" src=\"\/wordpress\/image\/k_clankum\/segovia2013\/15.JPG\"> <\/p>\n<p><img decoding=\"async\" src=\"\/wordpress\/image\/k_clankum\/segovia2013\/16.JPG\"> <\/p>\n<p><img decoding=\"async\" src=\"\/wordpress\/image\/k_clankum\/segovia2013\/17.JPG\"> <\/p>\n","protected":false},"excerpt":{"rendered":"<a href=\"https:\/\/www.caths.cz\/wordpress\/fotoreport-ze-sp-cyklistu-v-segovii-casovka\/\"><img loading=\"lazy\" decoding=\"async\" width=\"100\" height=\"100\" src=\"https:\/\/www.caths.cz\/wordpress\/wp-content\/plugins\/thumbnail-for-excerpts\/tfe_no_thumb.png\" class=\"alignleft wp-post-image tfe\" alt=\"\" title=\"\" \/><\/a><p>Foto: S. Je\u017ekov\u00e1, J. Krakovi\u010dov\u00e1<\/p>\n","protected":false},"author":1,"featured_media":0,"comment_status":"closed","ping_status":"closed","sticky":false,"template":"","format":"standard","meta":{"ngg_post_thumbnail":0,"footnotes":""},"categories":[8],"tags":[],"class_list":["post-2530","post","type-post","status-publish","format-standard","hentry","category-fotoreporty"],"_links":{"self":[{"href":"https:\/\/www.caths.cz\/wordpress\/wp-json\/wp\/v2\/posts\/2530","targetHints":{"allow":["GET"]}}],"collection":[{"href":"https:\/\/www.caths.cz\/wordpress\/wp-json\/wp\/v2\/posts"}],"about":[{"href":"https:\/\/www.caths.cz\/wordpress\/wp-json\/wp\/v2\/types\/post"}],"author":[{"embeddable":true,"href":"https:\/\/www.caths.cz\/wordpress\/wp-json\/wp\/v2\/users\/1"}],"replies":[{"embeddable":true,"href":"https:\/\/www.caths.cz\/wordpress\/wp-json\/wp\/v2\/comments?post=2530"}],"version-history":[{"count":0,"href":"https:\/\/www.caths.cz\/wordpress\/wp-json\/wp\/v2\/posts\/2530\/revisions"}],"wp:attachment":[{"href":"https:\/\/www.caths.cz\/wordpress\/wp-json\/wp\/v2\/media?parent=2530"}],"wp:term":[{"taxonomy":"category","embeddable":true,"href":"https:\/\/www.caths.cz\/wordpress\/wp-json\/wp\/v2\/categories?post=2530"},{"taxonomy":"post_tag","embeddable":true,"href":"https:\/\/www.caths.cz\/wordpress\/wp-json\/wp\/v2\/tags?post=2530"}],"curies":[{"name":"wp","href":"https:\/\/api.w.org\/{rel}","templated":true}]}}