{"id":2529,"date":"2013-06-15T09:19:51","date_gmt":"2013-06-15T08:19:51","guid":{"rendered":"http:\/\/www.caths.cz\/wordpress\/?p=2529"},"modified":"2013-06-15T09:19:51","modified_gmt":"2013-06-15T08:19:51","slug":"sportovni-strelci-soutezili-v-olomouci","status":"publish","type":"post","link":"https:\/\/www.caths.cz\/wordpress\/sportovni-strelci-soutezili-v-olomouci\/","title":{"rendered":"Sportovn\u00ed st\u0159elci sout\u011b\u017eili v Olomouci"},"content":{"rendered":"<p align=\"justify\">V sobotu 8. 6. p\u0159iv\u00edtala Olomouc nejen \u00fa\u010dastn\u00edky 2. kola \u010cesk\u00e9ho poh\u00e1ru 2013, ale tak\u00e9 sout\u011b\u017e\u00edc\u00ed Letn\u00ed ceny Olomouce ve sportovn\u00ed st\u0159elb\u011b. Ob\u011b sout\u011b\u017ee se st\u0159\u00edlely sou\u010dasn\u011b a z\u00fa\u010dastnilo se jich 65 st\u0159elc\u016f, z toho bylo 16 t\u011blesn\u011b posti\u017een\u00fdch.\t<\/p>\n<p align=\"justify\"> Prvn\u00ed v\u00fdst\u0159el v discipl\u00edn\u011b P3\/sportovn\u00ed pistole 30+30 ran, padl v 8,30. V t\u00e9to discipl\u00edn\u011b zv\u00edt\u011bzil Roman Gronsk\u00fd p\u0159ed druh\u00fdm Vladim\u00edrem Mar\u010danem a t\u0159et\u00edm Miroslavem Krystyn\u00edkem. Druhou discipl\u00ednu P1\/vzduchov\u00e1 pistole 60 ran vyhr\u00e1l Vladim\u00edr Mar\u010dan, 2. m\u00edsto obsadil Roman Gronsk\u00fd a 3. m\u00edsto si vyst\u0159\u00edlel Miroslav Krystyn\u00edk. O kone\u010dn\u00e9m po\u0159ad\u00ed \u010cesk\u00e9ho poh\u00e1ru rozhodne a\u017e samotn\u00e9 fin\u00e1le po\u0159\u00e1dan\u00e9 21. z\u00e1\u0159\u00ed.<\/p>\n<p> V\u00fdsledky <a href=\"http:\/\/www.caths.cz\/storage\/strelba\/Vysledky CP Olomouc 2013 SH1.xls\" target=\"_blank\"> zde<\/a> <\/p>\n<p> <img decoding=\"async\" src=\"\/wordpress\/image\/k_clankum\/prilohy_39027\/LC+CP 2.kolo Olomouc.jpg\"> <\/p>\n<p> <img decoding=\"async\" src=\"\/wordpress\/image\/k_clankum\/prilohy_39027\/LC+CP 2.kolo Olomouc 1.JPG\"> <\/p>\n<p> <img decoding=\"async\" src=\"\/wordpress\/image\/k_clankum\/prilohy_39027\/LC+CP 2.kolo Olomouc 2.JPG\"> <\/p>\n<p> <img decoding=\"async\" src=\"\/wordpress\/image\/k_clankum\/prilohy_39027\/LC+CP 2.kolo Olomouc 4.JPG\"> <\/p>\n<p> <img decoding=\"async\" src=\"\/wordpress\/image\/k_clankum\/prilohy_39027\/LC+CP 2.kolo Olomouc 5.JPG\"> <\/p>\n","protected":false},"excerpt":{"rendered":"<a href=\"https:\/\/www.caths.cz\/wordpress\/sportovni-strelci-soutezili-v-olomouci\/\"><img loading=\"lazy\" decoding=\"async\" width=\"100\" height=\"100\" src=\"https:\/\/www.caths.cz\/wordpress\/wp-content\/plugins\/thumbnail-for-excerpts\/tfe_no_thumb.png\" class=\"alignleft wp-post-image tfe\" alt=\"\" title=\"\" \/><\/a><p>V sobotu 8. 6. p\u0159iv\u00edtala Olomouc nejen \u00fa\u010dastn\u00edky 2. kola \u010cesk\u00e9ho poh\u00e1ru 2013, ale tak\u00e9 sout\u011b\u017e\u00edc\u00ed Letn\u00ed ceny Olomouce ve sportovn\u00ed st\u0159elb\u011b. Ob\u011b sout\u011b\u017ee se st\u0159\u00edlely sou\u010dasn\u011b a z\u00fa\u010dastnilo se [&hellip;]<\/p>\n","protected":false},"author":1,"featured_media":0,"comment_status":"closed","ping_status":"closed","sticky":false,"template":"","format":"standard","meta":{"ngg_post_thumbnail":0,"footnotes":""},"categories":[18],"tags":[],"class_list":["post-2529","post","type-post","status-publish","format-standard","hentry","category-strelba"],"_links":{"self":[{"href":"https:\/\/www.caths.cz\/wordpress\/wp-json\/wp\/v2\/posts\/2529","targetHints":{"allow":["GET"]}}],"collection":[{"href":"https:\/\/www.caths.cz\/wordpress\/wp-json\/wp\/v2\/posts"}],"about":[{"href":"https:\/\/www.caths.cz\/wordpress\/wp-json\/wp\/v2\/types\/post"}],"author":[{"embeddable":true,"href":"https:\/\/www.caths.cz\/wordpress\/wp-json\/wp\/v2\/users\/1"}],"replies":[{"embeddable":true,"href":"https:\/\/www.caths.cz\/wordpress\/wp-json\/wp\/v2\/comments?post=2529"}],"version-history":[{"count":0,"href":"https:\/\/www.caths.cz\/wordpress\/wp-json\/wp\/v2\/posts\/2529\/revisions"}],"wp:attachment":[{"href":"https:\/\/www.caths.cz\/wordpress\/wp-json\/wp\/v2\/media?parent=2529"}],"wp:term":[{"taxonomy":"category","embeddable":true,"href":"https:\/\/www.caths.cz\/wordpress\/wp-json\/wp\/v2\/categories?post=2529"},{"taxonomy":"post_tag","embeddable":true,"href":"https:\/\/www.caths.cz\/wordpress\/wp-json\/wp\/v2\/tags?post=2529"}],"curies":[{"name":"wp","href":"https:\/\/api.w.org\/{rel}","templated":true}]}}