{"id":2528,"date":"2013-06-14T20:32:34","date_gmt":"2013-06-14T19:32:34","guid":{"rendered":"http:\/\/www.caths.cz\/wordpress\/?p=2528"},"modified":"2013-06-14T20:32:34","modified_gmt":"2013-06-14T19:32:34","slug":"jiri-jezek-vyhral-i-druhou-casovku-svetoveho-poharu","status":"publish","type":"post","link":"https:\/\/www.caths.cz\/wordpress\/jiri-jezek-vyhral-i-druhou-casovku-svetoveho-poharu\/","title":{"rendered":"Ji\u0159\u00ed Je\u017eek vyhr\u00e1l i druhou \u010dasovku sv\u011btov\u00e9ho poh\u00e1ru"},"content":{"rendered":"<p align=\"justify\">Ji\u0159\u00ed Je\u017eek vyhr\u00e1l i druh\u00fd z\u00e1vod sv\u011btov\u00e9ho poh\u00e1ru ve \u0161pan\u011blsk\u00e9 Segovii a posunul se tak do \u010dela celkov\u00e9 klasifikace t\u00e9to nejvy\u0161\u0161\u00ed celosv\u011btov\u00e9 sout\u011b\u017ee cyklist\u016f. V\u00fdborn\u011b jela i Tereza Diepoldov\u00e1, kter\u00e1 obsadila t\u0159et\u00ed m\u00edsto.<\/p>\n<p align=\"justify\">Tom\u00e1\u0161 Kajnar dokon\u010dil z\u00e1vod na 10. pozici. V\u00edce informac\u00ed a report\u00e1\u017e s fotogaleri\u00ed p\u0159ipravujeme.<\/p>\n<p> <img decoding=\"async\" src=\"\/wordpress\/image\/k_clankum\/segovia2013.jpg\"><\/p>\n","protected":false},"excerpt":{"rendered":"<a href=\"https:\/\/www.caths.cz\/wordpress\/jiri-jezek-vyhral-i-druhou-casovku-svetoveho-poharu\/\"><img loading=\"lazy\" decoding=\"async\" width=\"100\" height=\"100\" src=\"https:\/\/www.caths.cz\/wordpress\/wp-content\/plugins\/thumbnail-for-excerpts\/tfe_no_thumb.png\" class=\"alignleft wp-post-image tfe\" alt=\"\" title=\"\" \/><\/a><p>Ji\u0159\u00ed Je\u017eek vyhr\u00e1l i druh\u00fd z\u00e1vod sv\u011btov\u00e9ho poh\u00e1ru ve \u0161pan\u011blsk\u00e9 Segovii a posunul se tak do \u010dela celkov\u00e9 klasifikace t\u00e9to nejvy\u0161\u0161\u00ed celosv\u011btov\u00e9 sout\u011b\u017ee cyklist\u016f. V\u00fdborn\u011b jela i Tereza Diepoldov\u00e1, kter\u00e1 [&hellip;]<\/p>\n","protected":false},"author":1,"featured_media":0,"comment_status":"closed","ping_status":"closed","sticky":false,"template":"","format":"standard","meta":{"ngg_post_thumbnail":0,"footnotes":""},"categories":[2],"tags":[],"class_list":["post-2528","post","type-post","status-publish","format-standard","hentry","category-cyklistika"],"_links":{"self":[{"href":"https:\/\/www.caths.cz\/wordpress\/wp-json\/wp\/v2\/posts\/2528","targetHints":{"allow":["GET"]}}],"collection":[{"href":"https:\/\/www.caths.cz\/wordpress\/wp-json\/wp\/v2\/posts"}],"about":[{"href":"https:\/\/www.caths.cz\/wordpress\/wp-json\/wp\/v2\/types\/post"}],"author":[{"embeddable":true,"href":"https:\/\/www.caths.cz\/wordpress\/wp-json\/wp\/v2\/users\/1"}],"replies":[{"embeddable":true,"href":"https:\/\/www.caths.cz\/wordpress\/wp-json\/wp\/v2\/comments?post=2528"}],"version-history":[{"count":0,"href":"https:\/\/www.caths.cz\/wordpress\/wp-json\/wp\/v2\/posts\/2528\/revisions"}],"wp:attachment":[{"href":"https:\/\/www.caths.cz\/wordpress\/wp-json\/wp\/v2\/media?parent=2528"}],"wp:term":[{"taxonomy":"category","embeddable":true,"href":"https:\/\/www.caths.cz\/wordpress\/wp-json\/wp\/v2\/categories?post=2528"},{"taxonomy":"post_tag","embeddable":true,"href":"https:\/\/www.caths.cz\/wordpress\/wp-json\/wp\/v2\/tags?post=2528"}],"curies":[{"name":"wp","href":"https:\/\/api.w.org\/{rel}","templated":true}]}}