{"id":2527,"date":"2013-06-12T00:59:15","date_gmt":"2013-06-11T23:59:15","guid":{"rendered":"http:\/\/www.caths.cz\/wordpress\/?p=2527"},"modified":"2013-06-12T00:59:15","modified_gmt":"2013-06-11T23:59:15","slug":"prestizni-velkopolomske-okruhy-pro-handbike-uz-tuto-nedeli","status":"publish","type":"post","link":"https:\/\/www.caths.cz\/wordpress\/prestizni-velkopolomske-okruhy-pro-handbike-uz-tuto-nedeli\/","title":{"rendered":"Presti\u017en\u00ed Velkopolomsk\u00e9 okruhy pro handbike u\u017e tuto ned\u011bli!"},"content":{"rendered":"<p align=\"justify\">Handbike\u0159i, nenechte si uj\u00edt v\u00fdborn\u011b organizovan\u00fd z\u00e1vod vysok\u00e9 \u00farovn\u011b &#8211; Velkopolomsk\u00e9 okruhy. Z\u00e1vod aspiruje na po\u0159adatelstv\u00ed \u010cesk\u00e9ho poh\u00e1ru v p\u0159\u00ed\u0161t\u00edm roce, p\u0159ije\u010fte si tedy u\u017e nyn\u00ed vyzkou\u0161et novou tra\u0165 a bojovat o presti\u017en\u00ed um\u00edst\u011bn\u00ed. <\/p>\n<p align=\"justify\">Po\u0159adatelem je jeden ze sponzor\u016f reprezenta\u010dn\u00edho t\u00fdmu \u010cR, spole\u010dnost Max Cursor a m\u011bsto Ostrava. Velmi doporu\u010dujeme! <\/p>\n<p> Propozice z\u00e1vodu <a href=\"http:\/\/www.caths.cz\/storage\/sekretarky\/handbike\/Propozice V.P 2013.pdf\" target=\"_blank\"> zde<\/a> <\/p>\n<p> <img decoding=\"async\" src=\"\/wordpress\/image\/sekretarky\/cyklistika\/VELKA POLOM.jpg\"><\/p>\n","protected":false},"excerpt":{"rendered":"<a href=\"https:\/\/www.caths.cz\/wordpress\/prestizni-velkopolomske-okruhy-pro-handbike-uz-tuto-nedeli\/\"><img loading=\"lazy\" decoding=\"async\" width=\"100\" height=\"100\" src=\"https:\/\/www.caths.cz\/wordpress\/wp-content\/plugins\/thumbnail-for-excerpts\/tfe_no_thumb.png\" class=\"alignleft wp-post-image tfe\" alt=\"\" title=\"\" \/><\/a><p>Handbike\u0159i, nenechte si uj\u00edt v\u00fdborn\u011b organizovan\u00fd z\u00e1vod vysok\u00e9 \u00farovn\u011b &#8211; Velkopolomsk\u00e9 okruhy. Z\u00e1vod aspiruje na po\u0159adatelstv\u00ed \u010cesk\u00e9ho poh\u00e1ru v p\u0159\u00ed\u0161t\u00edm roce, p\u0159ije\u010fte si tedy u\u017e nyn\u00ed vyzkou\u0161et novou tra\u0165 a [&hellip;]<\/p>\n","protected":false},"author":1,"featured_media":0,"comment_status":"closed","ping_status":"closed","sticky":false,"template":"","format":"standard","meta":{"ngg_post_thumbnail":0,"footnotes":""},"categories":[9],"tags":[],"class_list":["post-2527","post","type-post","status-publish","format-standard","hentry","category-handbike"],"_links":{"self":[{"href":"https:\/\/www.caths.cz\/wordpress\/wp-json\/wp\/v2\/posts\/2527","targetHints":{"allow":["GET"]}}],"collection":[{"href":"https:\/\/www.caths.cz\/wordpress\/wp-json\/wp\/v2\/posts"}],"about":[{"href":"https:\/\/www.caths.cz\/wordpress\/wp-json\/wp\/v2\/types\/post"}],"author":[{"embeddable":true,"href":"https:\/\/www.caths.cz\/wordpress\/wp-json\/wp\/v2\/users\/1"}],"replies":[{"embeddable":true,"href":"https:\/\/www.caths.cz\/wordpress\/wp-json\/wp\/v2\/comments?post=2527"}],"version-history":[{"count":0,"href":"https:\/\/www.caths.cz\/wordpress\/wp-json\/wp\/v2\/posts\/2527\/revisions"}],"wp:attachment":[{"href":"https:\/\/www.caths.cz\/wordpress\/wp-json\/wp\/v2\/media?parent=2527"}],"wp:term":[{"taxonomy":"category","embeddable":true,"href":"https:\/\/www.caths.cz\/wordpress\/wp-json\/wp\/v2\/categories?post=2527"},{"taxonomy":"post_tag","embeddable":true,"href":"https:\/\/www.caths.cz\/wordpress\/wp-json\/wp\/v2\/tags?post=2527"}],"curies":[{"name":"wp","href":"https:\/\/api.w.org\/{rel}","templated":true}]}}