{"id":2526,"date":"2013-06-11T09:02:58","date_gmt":"2013-06-11T08:02:58","guid":{"rendered":"http:\/\/www.caths.cz\/wordpress\/?p=2526"},"modified":"2013-06-11T09:02:58","modified_gmt":"2013-06-11T08:02:58","slug":"sportovci-caths-obdrzi-na-statnich-dotacich-o-vice-nez-40-mene-financi-nez-v-minulych-letech","status":"publish","type":"post","link":"https:\/\/www.caths.cz\/wordpress\/sportovci-caths-obdrzi-na-statnich-dotacich-o-vice-nez-40-mene-financi-nez-v-minulych-letech\/","title":{"rendered":"Sportovci \u010cATHS obdr\u017e\u00ed na st\u00e1tn\u00edch dotac\u00edch o v\u00edce ne\u017e 40% m\u00e9n\u011b financi ne\u017e v minul\u00fdch letech"},"content":{"rendered":"<p align=\"justify\"><strong>Otev\u0159en\u00fd dopis veden\u00ed \u010cATHS sportovc\u016fm a z\u00e1stupc\u016fm jednotliv\u00fdch sportovn\u00edch sekc\u00ed \u010cATHS<\/strong><\/p>\n<p>Profesionalizace z\u00e1vodn\u00edk\u016f, podpora talent\u016f, odborn\u00edci a \u00fasp\u011b\u0161n\u00ed tren\u00e9\u0159i v realiza\u010dn\u00edch t\u00fdmech jednotliv\u00fdch sport\u016f&#8230;.<br \/>\n<br \/>\nTato slova a vize jsme po LPH v Lond\u00fdn\u011b sly\u0161eli od sportovc\u016f, tren\u00e9r\u016f a \u010dlen\u016f realiza\u010dn\u00edch t\u00fdm\u016f mnohokr\u00e1t. Bohu\u017eel, pro t\u011blesn\u011b handicapovan\u00e9 sportovce, bez \u00fasp\u011bchu.<br \/>\nNaopak, sportovci \u010cATHS, kte\u0159\u00ed tvo\u0159ili majoritn\u00ed v\u011bt\u0161inu \u010desk\u00e9 paralympijsk\u00e9 v\u00fdpravy v Lond\u00fdn\u011b budou m\u00edt, dle sou\u010dasn\u00e9 metodiky p\u0159erozd\u011blen\u00ed st\u00e1tn\u00edch financ\u00ed, minim\u00e1ln\u011b 40% finan\u010dn\u00ed propad.\n<\/p>\n<p align=\"justify\">Naplnil se tak katastrofick\u00fd sc\u00e9n\u00e1\u0159, na kter\u00fd veden\u00ed \u010cATHS upozor\u0148ovalo a \u017e\u00e1dalo \u00fapravu ji\u017e na podzim roku 2012. <\/p>\n<p> P\u0159edstavitel\u00e9 \u010cATHS \u017e\u00e1dali opakovan\u011b o sch\u016fzku na M\u0160MT, ov\u0161em bez \u00fasp\u011bchu s t\u00edm, \u017ee jedin\u00fdm partnerem pro jedn\u00e1n\u00ed s M\u0160MT je \u010cesk\u00fd paralympijsk\u00fd v\u00fdbor, kter\u00fd v osob\u011b sv\u00e9 v\u00fdkonn\u00e9 p\u0159edsedkyn\u011b vstoupil do jedn\u00e1n\u00ed s M\u0160MT. V\u00fdsledkem jedn\u00e1n\u00ed je ji\u017e zm\u00edn\u011bn\u00fd finan\u010dn\u00ed propad pro sportovce \u010cATHS, zat\u00edmco jin\u00e9, daleko m\u00e9n\u011b sportovn\u011b \u00fasp\u011b\u0161n\u00e9 svazy handicapovan\u00fdch maj\u00ed finan\u010dn\u00ed n\u00e1r\u016fst \u010di jsou alespo\u0148 bez z\u00e1sadn\u00edho finan\u010dn\u00edho propadu. <\/p>\n<p> St\u00e1tn\u00ed reprezentace \u010cATHS nebudou schopny, v roce 2013, financovat a zajistit v\u00fdjezdy sv\u00fdch reprezentant\u016f, v\u010detn\u011b sportovc\u016f, kte\u0159\u00ed se probojovali na ZPH v So\u010di. <br \/> P\u0159ipom\u00edn\u00e1me, \u017ee na zimn\u00ed paralympijsk\u00e9 hry v So\u010di 2014 se dok\u00e1zali probojovat pouze sportovci \u010cATHS a paralympijskou v\u00fdpravu budou tvo\u0159it ve 100 % z\u00e1stupci pr\u00e1v\u011b \u010cATHS. <\/p>\n<p> Veden\u00ed \u010cATHS bude nyn\u00ed podrobn\u011b informovat z\u00e1stupce jednotliv\u00fdch sport\u016f o jejich finan\u010dn\u00ed situaci a pokus\u00ed se zajistit v\u00fdjezd alespo\u0148 zlomku reprezentant\u016f na vrcholn\u00e9 akce. <br \/> Veden\u00ed \u010cATHS tak\u00e9 bude usilovat o vyvol\u00e1n\u00ed jedn\u00e1n\u00ed na M\u0160MT s c\u00edlem zm\u011bnit sou\u010dasn\u00fd stav v\u011bci, kter\u00e1 v podstat\u011b likviduje v\u00fdkonnostn\u00ed sport a reprezentaci t\u011blesn\u011b handicapovan\u00fdch v \u010cesk\u00e9 republice.<br \/> O slo\u017eit\u00e9 situaci v\u00e1s budeme nad\u00e1le informovat. <\/p>\n","protected":false},"excerpt":{"rendered":"<a href=\"https:\/\/www.caths.cz\/wordpress\/sportovci-caths-obdrzi-na-statnich-dotacich-o-vice-nez-40-mene-financi-nez-v-minulych-letech\/\"><img loading=\"lazy\" decoding=\"async\" width=\"100\" height=\"100\" src=\"https:\/\/www.caths.cz\/wordpress\/wp-content\/plugins\/thumbnail-for-excerpts\/tfe_no_thumb.png\" class=\"alignleft wp-post-image tfe\" alt=\"\" title=\"\" \/><\/a><p>Otev\u0159en\u00fd dopis veden\u00ed \u010cATHS sportovc\u016fm a z\u00e1stupc\u016fm jednotliv\u00fdch sportovn\u00edch sekc\u00ed \u010cATHS Profesionalizace z\u00e1vodn\u00edk\u016f, podpora talent\u016f, odborn\u00edci a \u00fasp\u011b\u0161n\u00ed tren\u00e9\u0159i v realiza\u010dn\u00edch t\u00fdmech jednotliv\u00fdch sport\u016f&#8230;. Tato slova a vize jsme po [&hellip;]<\/p>\n","protected":false},"author":1,"featured_media":0,"comment_status":"closed","ping_status":"closed","sticky":false,"template":"","format":"standard","meta":{"ngg_post_thumbnail":0,"footnotes":""},"categories":[1],"tags":[],"class_list":["post-2526","post","type-post","status-publish","format-standard","hentry","category-nezarazene"],"_links":{"self":[{"href":"https:\/\/www.caths.cz\/wordpress\/wp-json\/wp\/v2\/posts\/2526","targetHints":{"allow":["GET"]}}],"collection":[{"href":"https:\/\/www.caths.cz\/wordpress\/wp-json\/wp\/v2\/posts"}],"about":[{"href":"https:\/\/www.caths.cz\/wordpress\/wp-json\/wp\/v2\/types\/post"}],"author":[{"embeddable":true,"href":"https:\/\/www.caths.cz\/wordpress\/wp-json\/wp\/v2\/users\/1"}],"replies":[{"embeddable":true,"href":"https:\/\/www.caths.cz\/wordpress\/wp-json\/wp\/v2\/comments?post=2526"}],"version-history":[{"count":0,"href":"https:\/\/www.caths.cz\/wordpress\/wp-json\/wp\/v2\/posts\/2526\/revisions"}],"wp:attachment":[{"href":"https:\/\/www.caths.cz\/wordpress\/wp-json\/wp\/v2\/media?parent=2526"}],"wp:term":[{"taxonomy":"category","embeddable":true,"href":"https:\/\/www.caths.cz\/wordpress\/wp-json\/wp\/v2\/categories?post=2526"},{"taxonomy":"post_tag","embeddable":true,"href":"https:\/\/www.caths.cz\/wordpress\/wp-json\/wp\/v2\/tags?post=2526"}],"curies":[{"name":"wp","href":"https:\/\/api.w.org\/{rel}","templated":true}]}}