{"id":2525,"date":"2013-06-10T08:01:37","date_gmt":"2013-06-10T07:01:37","guid":{"rendered":"http:\/\/www.caths.cz\/wordpress\/?p=2525"},"modified":"2013-06-10T08:01:37","modified_gmt":"2013-06-10T07:01:37","slug":"tereza-diepoldova-vede-celkove-poradi-svetoveho-poharu","status":"publish","type":"post","link":"https:\/\/www.caths.cz\/wordpress\/tereza-diepoldova-vede-celkove-poradi-svetoveho-poharu\/","title":{"rendered":"Tereza Diepoldov\u00e1 vede celkov\u00e9 po\u0159ad\u00ed sv\u011btov\u00e9ho poh\u00e1ru!"},"content":{"rendered":"<p align=\"justify\">Silni\u010dn\u00ed z\u00e1vod Sv\u011btov\u00e9ho poh\u00e1ru v Meranu se pro Terezu Diepoldovou v\u016fbec nevyv\u00edjel dob\u0159e. Kr\u00e1tce po startu Tereza najela do nerovnosti na vozovce, n\u00e1sledoval nep\u0159\u00edjemn\u00fd p\u00e1d s technick\u00fdmi pot\u00ed\u017eemi,  kter\u00e9 poslaly na\u0161\u00ed reprezentantku daleko za peloton. <\/p>\n<p align=\"justify\">Tereza ov\u0161em p\u0159edvedla obdivuhodnou st\u00edhac\u00ed j\u00edzdu, kter\u00e1 asi nejl\u00e9pe vypov\u00edd\u00e1 o jej\u00ed sou\u010dasn\u00e9 form\u011b. Postupn\u011b doj\u00ed\u017ed\u011bla jednu z\u00e1vodnici za druhou a nesta\u010dila pouze na sv\u00e9 dv\u011b nejv\u011bt\u0161\u00ed soupe\u0159ky, Raquel Acinas ze \u0160pan\u011blska a Alison Jones z USA.<br \/> T\u0159et\u00ed m\u00edsto ale Tereze sta\u010dilo k tomu, \u017ee za t\u00fdden ve \u0161pan\u011blsk\u00e9 Segovii nastoup\u00ed k druh\u00e9mu podniku Sv\u011btov\u00e9ho poh\u00e1ru v b\u00edl\u00e9 kombin\u00e9ze vedouc\u00ed z\u00e1vodnice celkov\u00e9ho po\u0159ad\u00ed. <\/p>\n<p> <img decoding=\"async\" src=\"\/wordpress\/image\/sekretarky\/cyklistika\/sp merano\/078.JPG\"><\/p>\n","protected":false},"excerpt":{"rendered":"<a href=\"https:\/\/www.caths.cz\/wordpress\/tereza-diepoldova-vede-celkove-poradi-svetoveho-poharu\/\"><img loading=\"lazy\" decoding=\"async\" width=\"100\" height=\"100\" src=\"https:\/\/www.caths.cz\/wordpress\/wp-content\/plugins\/thumbnail-for-excerpts\/tfe_no_thumb.png\" class=\"alignleft wp-post-image tfe\" alt=\"\" title=\"\" \/><\/a><p>Silni\u010dn\u00ed z\u00e1vod Sv\u011btov\u00e9ho poh\u00e1ru v Meranu se pro Terezu Diepoldovou v\u016fbec nevyv\u00edjel dob\u0159e. Kr\u00e1tce po startu Tereza najela do nerovnosti na vozovce, n\u00e1sledoval nep\u0159\u00edjemn\u00fd p\u00e1d s technick\u00fdmi pot\u00ed\u017eemi, kter\u00e9 poslaly [&hellip;]<\/p>\n","protected":false},"author":1,"featured_media":0,"comment_status":"closed","ping_status":"closed","sticky":false,"template":"","format":"standard","meta":{"ngg_post_thumbnail":0,"footnotes":""},"categories":[2],"tags":[],"class_list":["post-2525","post","type-post","status-publish","format-standard","hentry","category-cyklistika"],"_links":{"self":[{"href":"https:\/\/www.caths.cz\/wordpress\/wp-json\/wp\/v2\/posts\/2525","targetHints":{"allow":["GET"]}}],"collection":[{"href":"https:\/\/www.caths.cz\/wordpress\/wp-json\/wp\/v2\/posts"}],"about":[{"href":"https:\/\/www.caths.cz\/wordpress\/wp-json\/wp\/v2\/types\/post"}],"author":[{"embeddable":true,"href":"https:\/\/www.caths.cz\/wordpress\/wp-json\/wp\/v2\/users\/1"}],"replies":[{"embeddable":true,"href":"https:\/\/www.caths.cz\/wordpress\/wp-json\/wp\/v2\/comments?post=2525"}],"version-history":[{"count":0,"href":"https:\/\/www.caths.cz\/wordpress\/wp-json\/wp\/v2\/posts\/2525\/revisions"}],"wp:attachment":[{"href":"https:\/\/www.caths.cz\/wordpress\/wp-json\/wp\/v2\/media?parent=2525"}],"wp:term":[{"taxonomy":"category","embeddable":true,"href":"https:\/\/www.caths.cz\/wordpress\/wp-json\/wp\/v2\/categories?post=2525"},{"taxonomy":"post_tag","embeddable":true,"href":"https:\/\/www.caths.cz\/wordpress\/wp-json\/wp\/v2\/tags?post=2525"}],"curies":[{"name":"wp","href":"https:\/\/api.w.org\/{rel}","templated":true}]}}