{"id":2524,"date":"2013-06-08T22:09:31","date_gmt":"2013-06-08T21:09:31","guid":{"rendered":"http:\/\/www.caths.cz\/wordpress\/?p=2524"},"modified":"2013-06-08T22:09:31","modified_gmt":"2013-06-08T21:09:31","slug":"handbiker-pavel-foltyn-senzacne-vyhral-zavod-svetoveho-poharu","status":"publish","type":"post","link":"https:\/\/www.caths.cz\/wordpress\/handbiker-pavel-foltyn-senzacne-vyhral-zavod-svetoveho-poharu\/","title":{"rendered":"Handbiker Pavel Folt\u00fdn senza\u010dn\u011b vyhr\u00e1l z\u00e1vod sv\u011btov\u00e9ho poh\u00e1ru!"},"content":{"rendered":"<p align=\"justify\">Od roku 2006, kdy Marcel Pipek vybojoval titul Mistra sv\u011bta v kategorii handbike, jsme si museli po\u010dkat na podobn\u00e9 um\u00edst\u011bn\u00ed na\u0161eho reprezentanta v z\u00e1vod\u011b nejvy\u0161\u0161\u00ed sv\u011btov\u00e9 \u00farovn\u011b.<\/p>\n<p align=\"justify\">Po dlouh\u00fdch sedmi letech se Pavlovi Folt\u00fdnovi poda\u0159ilo nav\u00e1zat na \u00fasp\u011bchy \u010desk\u00e9 handbikov\u00e9 reprezentace a v italsk\u00e9m Meranu vybojoval v\u00edt\u011bzstv\u00ed v silni\u010dn\u00edm z\u00e1vod\u011b kategorie H1. Pavel m\u011bl cel\u00fd z\u00e1vod pod kontrolou, sv\u00fdm soupe\u0159\u016fm se vzd\u00e1lil ji\u017e v prvn\u00ed t\u0159etin\u011b z\u00e1vodu a s t\u00e9m\u011b\u0159 dvouminutov\u00fdm n\u00e1skokem zv\u00edt\u011bzil.<br \/> V dopoledn\u00edm z\u00e1vod\u011b kategorie C4 obsadil Ji\u0159\u00ed Je\u017eek \u0161est\u00e9 m\u00edsto a spolu s Italem Fantonim v\u00e9vod\u00ed celkov\u00e9mu po\u0159ad\u00ed sv\u011btov\u00e9ho poh\u00e1ru t\u00e9to kategorie. Ji\u0159\u00ed Bou\u0161ka obsadil ve stejn\u00e9m \u010dase, jako Ji\u0159\u00ed Je\u017eek, m\u00edsto p\u00e1t\u00e9. <br \/> Silni\u010dn\u00ed z\u00e1vod kategorie C5 v\u00fdborn\u011b zvl\u00e1dnul Tom\u00e1\u0161 Kajnar, kter\u00fd si na sv\u00e9 konto p\u0159ipsal zat\u00edm sv\u016fj nejv\u011bt\u0161\u00ed \u00fasp\u011bch, \u0161est\u00e9 m\u00edsto.<br \/> Z dal\u0161\u00edch na\u0161ich reprezentant\u016f se prosadil tak\u00e9 Ivo Koblasa, kter\u00fd zv\u00edt\u011bzil v kategorii C2.<\/p>\n<p> <img decoding=\"async\" src=\"\/wordpress\/image\/sekretarky\/cyklistika\/sp merano\/221.JPG\"><\/p>\n","protected":false},"excerpt":{"rendered":"<a href=\"https:\/\/www.caths.cz\/wordpress\/handbiker-pavel-foltyn-senzacne-vyhral-zavod-svetoveho-poharu\/\"><img loading=\"lazy\" decoding=\"async\" width=\"100\" height=\"100\" src=\"https:\/\/www.caths.cz\/wordpress\/wp-content\/plugins\/thumbnail-for-excerpts\/tfe_no_thumb.png\" class=\"alignleft wp-post-image tfe\" alt=\"\" title=\"\" \/><\/a><p>Od roku 2006, kdy Marcel Pipek vybojoval titul Mistra sv\u011bta v kategorii handbike, jsme si museli po\u010dkat na podobn\u00e9 um\u00edst\u011bn\u00ed na\u0161eho reprezentanta v z\u00e1vod\u011b nejvy\u0161\u0161\u00ed sv\u011btov\u00e9 \u00farovn\u011b. Po dlouh\u00fdch sedmi [&hellip;]<\/p>\n","protected":false},"author":1,"featured_media":0,"comment_status":"closed","ping_status":"closed","sticky":false,"template":"","format":"standard","meta":{"ngg_post_thumbnail":0,"footnotes":""},"categories":[9],"tags":[],"class_list":["post-2524","post","type-post","status-publish","format-standard","hentry","category-handbike"],"_links":{"self":[{"href":"https:\/\/www.caths.cz\/wordpress\/wp-json\/wp\/v2\/posts\/2524","targetHints":{"allow":["GET"]}}],"collection":[{"href":"https:\/\/www.caths.cz\/wordpress\/wp-json\/wp\/v2\/posts"}],"about":[{"href":"https:\/\/www.caths.cz\/wordpress\/wp-json\/wp\/v2\/types\/post"}],"author":[{"embeddable":true,"href":"https:\/\/www.caths.cz\/wordpress\/wp-json\/wp\/v2\/users\/1"}],"replies":[{"embeddable":true,"href":"https:\/\/www.caths.cz\/wordpress\/wp-json\/wp\/v2\/comments?post=2524"}],"version-history":[{"count":0,"href":"https:\/\/www.caths.cz\/wordpress\/wp-json\/wp\/v2\/posts\/2524\/revisions"}],"wp:attachment":[{"href":"https:\/\/www.caths.cz\/wordpress\/wp-json\/wp\/v2\/media?parent=2524"}],"wp:term":[{"taxonomy":"category","embeddable":true,"href":"https:\/\/www.caths.cz\/wordpress\/wp-json\/wp\/v2\/categories?post=2524"},{"taxonomy":"post_tag","embeddable":true,"href":"https:\/\/www.caths.cz\/wordpress\/wp-json\/wp\/v2\/tags?post=2524"}],"curies":[{"name":"wp","href":"https:\/\/api.w.org\/{rel}","templated":true}]}}