{"id":2523,"date":"2013-06-07T22:56:24","date_gmt":"2013-06-07T21:56:24","guid":{"rendered":"http:\/\/www.caths.cz\/wordpress\/?p=2523"},"modified":"2014-12-31T17:07:38","modified_gmt":"2014-12-31T16:07:38","slug":"jiri-jezek-a-tereza-diepoldova-vyhrali-uvodni-casovku-svetoveho-poharu","status":"publish","type":"post","link":"https:\/\/www.caths.cz\/wordpress\/jiri-jezek-a-tereza-diepoldova-vyhrali-uvodni-casovku-svetoveho-poharu\/","title":{"rendered":"Ji\u0159\u00ed Je\u017eek a Tereza Diepoldov\u00e1 vyhr\u00e1li \u00favodn\u00ed \u010dasovku sv\u011btov\u00e9ho poh\u00e1ru"},"content":{"rendered":"<p align=\"justify\">\nVynikaj\u00edc\u00edho v\u00fdsledku dos\u00e1hli na\u0161i nej\u00fasp\u011b\u0161n\u011bj\u0161\u00ed handicapovan\u00ed cyklist\u00e9 sou\u010dasnosti, Ji\u0159\u00ed Je\u017eek a Tereza Diepoldov\u00e1.<\/p>\n<p align=\"justify\">V \u00favodn\u00ed \u010dasovce sv\u011btov\u00e9ho poh\u00e1ru v italsk\u00e9m Meranu dok\u00e1zali zopakovat v\u00fdjime\u010dn\u00e9 v\u00fdkony z minul\u00e9, paralympijsk\u00e9 sez\u00f3ny. Jirka zv\u00edt\u011bzil p\u0159ed \u0161pan\u011blsk\u00fdm reprezentantem. Robertem Alcaidem, a o sv\u00e9m v\u00edt\u011bzstv\u00ed rozhodl v z\u00e1v\u011bre\u010dn\u00e9m, 15 % stoup\u00e1n\u00ed.<br \/>\nTereza Diepoldov\u00e1 vedla sv\u016fj z\u00e1vod od sam\u00e9ho po\u010d\u00e1tku a postupn\u011b zvy\u0161ovala n\u00e1skok p\u0159ed \u0161pan\u011blskou reprezentantkou Raquel Acinas a \u00fa\u0159aduj\u00edc\u00ed mistryn\u00ed sv\u011bta a paralympijskou v\u00edt\u011bzkou z Lond\u00fdna Alison Jones z USA.<br \/>\nDal\u0161\u00ed \u010desk\u00fd reprezentant Ji\u0159\u00ed Bou\u0161ka obsadil t\u0159et\u00ed m\u00edsto a handbiker Pavel Folt\u00fdn dok\u00e1zal vybojovat v z\u00e1vod\u011b kategorie H1 celkov\u00e9 \u010dtvrt\u00e9 m\u00edsto, co\u017e je po dlouh\u00e9 dob\u011b a \u00fasp\u011b\u0161\u00edch mistra sv\u011bta a paralympijsk\u00e9ho v\u00edt\u011bze Marcela Pipeka skute\u010dn\u011b v\u00fdrazn\u00fd \u00fasp\u011bch na\u0161\u00ed reprezentace v kategorii handbike.<\/p>\n<p>Do elitn\u00ed sv\u011btov\u00e9 des\u00edtky se dok\u00e1zali probojovat i dal\u0161\u00ed \u010de\u0161t\u00ed reprezentanti:<br \/>\n5. m\u00edsto tandem Moflar &#8211; Chyba<br \/>\n6. m\u00edsto Ivo Koblasa C2<br \/>\n8. m\u00edsto Tom\u00e1\u0161 Kajnar C5<\/p>\n<p><img decoding=\"async\" src=\"\/wordpress\/image\/k_clankum\/ita032.JPG\" alt=\"\" \/><\/p>\n<p><img decoding=\"async\" src=\"\/wordpress\/image\/k_clankum\/ita057.JPG\" alt=\"\" \/><\/p>\n","protected":false},"excerpt":{"rendered":"<a href=\"https:\/\/www.caths.cz\/wordpress\/jiri-jezek-a-tereza-diepoldova-vyhrali-uvodni-casovku-svetoveho-poharu\/\"><img loading=\"lazy\" decoding=\"async\" width=\"100\" height=\"100\" src=\"https:\/\/www.caths.cz\/wordpress\/wp-content\/plugins\/thumbnail-for-excerpts\/tfe_no_thumb.png\" class=\"alignleft wp-post-image tfe\" alt=\"\" title=\"\" \/><\/a><p>Vynikaj\u00edc\u00edho v\u00fdsledku dos\u00e1hli na\u0161i nej\u00fasp\u011b\u0161n\u011bj\u0161\u00ed handicapovan\u00ed cyklist\u00e9 sou\u010dasnosti, Ji\u0159\u00ed Je\u017eek a Tereza Diepoldov\u00e1. V \u00favodn\u00ed \u010dasovce sv\u011btov\u00e9ho poh\u00e1ru v italsk\u00e9m Meranu dok\u00e1zali zopakovat v\u00fdjime\u010dn\u00e9 v\u00fdkony z minul\u00e9, paralympijsk\u00e9 sez\u00f3ny. Jirka [&hellip;]<\/p>\n","protected":false},"author":1,"featured_media":0,"comment_status":"closed","ping_status":"closed","sticky":false,"template":"","format":"standard","meta":{"ngg_post_thumbnail":0,"footnotes":""},"categories":[2],"tags":[],"class_list":["post-2523","post","type-post","status-publish","format-standard","hentry","category-cyklistika"],"_links":{"self":[{"href":"https:\/\/www.caths.cz\/wordpress\/wp-json\/wp\/v2\/posts\/2523","targetHints":{"allow":["GET"]}}],"collection":[{"href":"https:\/\/www.caths.cz\/wordpress\/wp-json\/wp\/v2\/posts"}],"about":[{"href":"https:\/\/www.caths.cz\/wordpress\/wp-json\/wp\/v2\/types\/post"}],"author":[{"embeddable":true,"href":"https:\/\/www.caths.cz\/wordpress\/wp-json\/wp\/v2\/users\/1"}],"replies":[{"embeddable":true,"href":"https:\/\/www.caths.cz\/wordpress\/wp-json\/wp\/v2\/comments?post=2523"}],"version-history":[{"count":1,"href":"https:\/\/www.caths.cz\/wordpress\/wp-json\/wp\/v2\/posts\/2523\/revisions"}],"predecessor-version":[{"id":4825,"href":"https:\/\/www.caths.cz\/wordpress\/wp-json\/wp\/v2\/posts\/2523\/revisions\/4825"}],"wp:attachment":[{"href":"https:\/\/www.caths.cz\/wordpress\/wp-json\/wp\/v2\/media?parent=2523"}],"wp:term":[{"taxonomy":"category","embeddable":true,"href":"https:\/\/www.caths.cz\/wordpress\/wp-json\/wp\/v2\/categories?post=2523"},{"taxonomy":"post_tag","embeddable":true,"href":"https:\/\/www.caths.cz\/wordpress\/wp-json\/wp\/v2\/tags?post=2523"}],"curies":[{"name":"wp","href":"https:\/\/api.w.org\/{rel}","templated":true}]}}