{"id":2506,"date":"2013-04-26T13:02:22","date_gmt":"2013-04-26T12:02:22","guid":{"rendered":"http:\/\/www.caths.cz\/wordpress\/?p=2506"},"modified":"2013-04-26T13:02:22","modified_gmt":"2013-04-26T12:02:22","slug":"rugby-or-not-to-be-vernisaz-jana-povysila","status":"publish","type":"post","link":"https:\/\/www.caths.cz\/wordpress\/rugby-or-not-to-be-vernisaz-jana-povysila\/","title":{"rendered":"Rugby or not to be &#8211; vernis\u00e1\u017e Jana Pov\u00fd\u0161ila"},"content":{"rendered":"<p>M\u00e1te r\u00e1di sportovn\u00ed fotografie? <br \/>\nPokud ano, pak v\u00e1s zveme na vernis\u00e1\u017e fotografi\u00ed paralympijsk\u00e9ho medailisty Jana Pov\u00fd\u0161ila, kter\u00e1 nese nekompromisn\u00ed n\u00e1zev  &#8211;  RUGBY OR NOT TO BE.  <\/p>\n<p><img decoding=\"async\" src=\"\/wordpress\/image\/sekretarky\/rugby\/RUGBY_A5nahled.jpg\"><\/p>\n<p> <img decoding=\"async\" src=\"\/wordpress\/image\/sekretarky\/rugby\/event_pic.jpg\"><\/p>\n","protected":false},"excerpt":{"rendered":"<a href=\"https:\/\/www.caths.cz\/wordpress\/rugby-or-not-to-be-vernisaz-jana-povysila\/\"><img loading=\"lazy\" decoding=\"async\" width=\"100\" height=\"100\" src=\"https:\/\/www.caths.cz\/wordpress\/wp-content\/plugins\/thumbnail-for-excerpts\/tfe_no_thumb.png\" class=\"alignleft wp-post-image tfe\" alt=\"\" title=\"\" \/><\/a><p>M\u00e1te r\u00e1di sportovn\u00ed fotografie? Pokud ano, pak v\u00e1s zveme na vernis\u00e1\u017e fotografi\u00ed paralympijsk\u00e9ho medailisty Jana Pov\u00fd\u0161ila, kter\u00e1 nese nekompromisn\u00ed n\u00e1zev &#8211; RUGBY OR NOT TO BE.<\/p>\n","protected":false},"author":1,"featured_media":0,"comment_status":"closed","ping_status":"closed","sticky":false,"template":"","format":"standard","meta":{"ngg_post_thumbnail":0,"footnotes":""},"categories":[6],"tags":[],"class_list":["post-2506","post","type-post","status-publish","format-standard","hentry","category-caths-info"],"_links":{"self":[{"href":"https:\/\/www.caths.cz\/wordpress\/wp-json\/wp\/v2\/posts\/2506","targetHints":{"allow":["GET"]}}],"collection":[{"href":"https:\/\/www.caths.cz\/wordpress\/wp-json\/wp\/v2\/posts"}],"about":[{"href":"https:\/\/www.caths.cz\/wordpress\/wp-json\/wp\/v2\/types\/post"}],"author":[{"embeddable":true,"href":"https:\/\/www.caths.cz\/wordpress\/wp-json\/wp\/v2\/users\/1"}],"replies":[{"embeddable":true,"href":"https:\/\/www.caths.cz\/wordpress\/wp-json\/wp\/v2\/comments?post=2506"}],"version-history":[{"count":0,"href":"https:\/\/www.caths.cz\/wordpress\/wp-json\/wp\/v2\/posts\/2506\/revisions"}],"wp:attachment":[{"href":"https:\/\/www.caths.cz\/wordpress\/wp-json\/wp\/v2\/media?parent=2506"}],"wp:term":[{"taxonomy":"category","embeddable":true,"href":"https:\/\/www.caths.cz\/wordpress\/wp-json\/wp\/v2\/categories?post=2506"},{"taxonomy":"post_tag","embeddable":true,"href":"https:\/\/www.caths.cz\/wordpress\/wp-json\/wp\/v2\/tags?post=2506"}],"curies":[{"name":"wp","href":"https:\/\/api.w.org\/{rel}","templated":true}]}}