{"id":2505,"date":"2013-04-25T17:20:29","date_gmt":"2013-04-25T16:20:29","guid":{"rendered":"http:\/\/www.caths.cz\/wordpress\/?p=2505"},"modified":"2013-04-25T17:20:29","modified_gmt":"2013-04-25T16:20:29","slug":"tricykliste-bez-tricyklu-a-dokonce-i-na-draze","status":"publish","type":"post","link":"https:\/\/www.caths.cz\/wordpress\/tricykliste-bez-tricyklu-a-dokonce-i-na-draze\/","title":{"rendered":"Tricyklist\u00e9 bez tricykl\u016f a dokonce i na dr\u00e1ze?!"},"content":{"rendered":"<p>Zaj\u00edmavou studii zve\u0159ejnili ameri\u010dt\u00ed cyklisti\u010dt\u00ed odborn\u00edci.<br \/>\nPro kategorii tricykl\u016f navrhuj\u00ed zcela nov\u00fd, revolu\u010dn\u00ed druh kola, kter\u00fd by, dle m\u00edn\u011bn\u00ed konstrukt\u00e9r\u016f, v\u00edce vyhovoval cyklist\u016fm z\u00e1vod\u00edc\u00edm v kategori\u00edch tricykl\u016f.<br \/>\nObdoba handbike, ov\u0161em uzp\u016fsoben\u00e1 pro \u0161lap\u00e1n\u00ed nohama je v Americe pom\u011brn\u011b popul\u00e1rn\u00ed a b\u011b\u017en\u011b u\u017e\u00edvan\u00e1 \u0161irokou ve\u0159ejnost\u00ed. <br \/> Zaj\u00edmav\u00fd n\u00e1pad je jist\u011b v mnoha sm\u011brech diskutabiln\u00ed a tak UCI vyzvalo z\u00e1stupce jednotliv\u00fdch cyklistick\u00fdch federac\u00ed, aby se k navrhovan\u00e9 zm\u011bn\u011b vyj\u00e1d\u0159ili.<br \/> Nov\u00fd typ tricyklu \u00fadajn\u011b v\u00edce vyhovuje charakteru handicapu a umo\u017e\u0148uje i j\u00edzdu na cyklistick\u00e9 dr\u00e1ze&#8230; <\/p>\n<p> S nov\u00fdm typem tricyklu a celou studi\u00ed se m\u016f\u017eete sezn\u00e1mit <a href=\"http:\/\/www.caths.cz\/storage\/sekretarky\/cyklistika\/Analysis of Equipment Considerations for UCI Para.pdf\" target=\"_blank\"> zde<\/a> <\/p>\n<p> <img decoding=\"async\" src=\"\/wordpress\/image\/sekretarky\/David_Stone.png\"><\/p>\n","protected":false},"excerpt":{"rendered":"<a href=\"https:\/\/www.caths.cz\/wordpress\/tricykliste-bez-tricyklu-a-dokonce-i-na-draze\/\"><img loading=\"lazy\" decoding=\"async\" width=\"100\" height=\"100\" src=\"https:\/\/www.caths.cz\/wordpress\/wp-content\/plugins\/thumbnail-for-excerpts\/tfe_no_thumb.png\" class=\"alignleft wp-post-image tfe\" alt=\"\" title=\"\" \/><\/a><p>Zaj\u00edmavou studii zve\u0159ejnili ameri\u010dt\u00ed cyklisti\u010dt\u00ed odborn\u00edci. Pro kategorii tricykl\u016f navrhuj\u00ed zcela nov\u00fd, revolu\u010dn\u00ed druh kola, kter\u00fd by, dle m\u00edn\u011bn\u00ed konstrukt\u00e9r\u016f, v\u00edce vyhovoval cyklist\u016fm z\u00e1vod\u00edc\u00edm v kategori\u00edch tricykl\u016f. Obdoba handbike, ov\u0161em [&hellip;]<\/p>\n","protected":false},"author":1,"featured_media":0,"comment_status":"closed","ping_status":"closed","sticky":false,"template":"","format":"standard","meta":{"ngg_post_thumbnail":0,"footnotes":""},"categories":[2],"tags":[],"class_list":["post-2505","post","type-post","status-publish","format-standard","hentry","category-cyklistika"],"_links":{"self":[{"href":"https:\/\/www.caths.cz\/wordpress\/wp-json\/wp\/v2\/posts\/2505","targetHints":{"allow":["GET"]}}],"collection":[{"href":"https:\/\/www.caths.cz\/wordpress\/wp-json\/wp\/v2\/posts"}],"about":[{"href":"https:\/\/www.caths.cz\/wordpress\/wp-json\/wp\/v2\/types\/post"}],"author":[{"embeddable":true,"href":"https:\/\/www.caths.cz\/wordpress\/wp-json\/wp\/v2\/users\/1"}],"replies":[{"embeddable":true,"href":"https:\/\/www.caths.cz\/wordpress\/wp-json\/wp\/v2\/comments?post=2505"}],"version-history":[{"count":0,"href":"https:\/\/www.caths.cz\/wordpress\/wp-json\/wp\/v2\/posts\/2505\/revisions"}],"wp:attachment":[{"href":"https:\/\/www.caths.cz\/wordpress\/wp-json\/wp\/v2\/media?parent=2505"}],"wp:term":[{"taxonomy":"category","embeddable":true,"href":"https:\/\/www.caths.cz\/wordpress\/wp-json\/wp\/v2\/categories?post=2505"},{"taxonomy":"post_tag","embeddable":true,"href":"https:\/\/www.caths.cz\/wordpress\/wp-json\/wp\/v2\/tags?post=2505"}],"curies":[{"name":"wp","href":"https:\/\/api.w.org\/{rel}","templated":true}]}}