{"id":2504,"date":"2013-04-24T11:01:07","date_gmt":"2013-04-24T10:01:07","guid":{"rendered":"http:\/\/www.caths.cz\/wordpress\/?p=2504"},"modified":"2013-04-24T11:01:07","modified_gmt":"2013-04-24T10:01:07","slug":"uvodni-zavod-ceskeho-poharu-handbike-wwwcathscz-se-jel-v-sobotu-v-pardubicich","status":"publish","type":"post","link":"https:\/\/www.caths.cz\/wordpress\/uvodni-zavod-ceskeho-poharu-handbike-wwwcathscz-se-jel-v-sobotu-v-pardubicich\/","title":{"rendered":"\u00davodn\u00ed z\u00e1vod \u010cesk\u00e9ho poh\u00e1ru handbike www.caths.cz se jel v sobotu v Pardubic\u00edch."},"content":{"rendered":"<p>Jak u\u017e se st\u00e1v\u00e1 zvykem, \u00favodn\u00ed z\u00e1vod \u010cesk\u00e9ho poh\u00e1ru handbike www.caths.cz se uskute\u010dnil v Pardubic\u00edch jakou sou\u010d\u00e1st Pardubick\u00e9ho p\u016flmaratonu.V\u00edt\u011bzem kategorie H3 a z\u00e1rove\u0148 i celkov\u00fdm v\u00edt\u011bzem, bez rozd\u00edlu kategori\u00ed se stal Miroslav \u0160ulc v \u010dase 38:22. <br \/> V kategorii H2 se v nov\u00e9m dresu t\u00fdmu Nutrend Specialized v\u00edt\u011bzn\u011b p\u0159edstavil V\u00e1clav Antal, a rozd\u011blen\u00fdm kategori\u00edm H1 dominovali Pavel Folt\u00fdn H1.2 a Ivan Dvo\u0159\u00e1k H1.1. V kategorii \u017een vybojoval v\u00edt\u011bzstv\u00ed slovensk\u00e1 z\u00e1vodnice Anna Oroszov\u00e1. <\/p>\n<p> Celkov\u00e9 v\u00fdsledky 1. kola \u010cP handbike 2013 <a href=\"http:\/\/www.caths.cz\/storage\/sekretarky\/handbike\/cp pardubice2013.pdf\" target=\"_blank\"> zde<\/a> <\/p>\n<p> <img decoding=\"async\" src=\"\/wordpress\/image\/sekretarky\/handbike\/pardubice11_030.jpg\"><\/p>\n","protected":false},"excerpt":{"rendered":"<a href=\"https:\/\/www.caths.cz\/wordpress\/uvodni-zavod-ceskeho-poharu-handbike-wwwcathscz-se-jel-v-sobotu-v-pardubicich\/\"><img loading=\"lazy\" decoding=\"async\" width=\"100\" height=\"100\" src=\"https:\/\/www.caths.cz\/wordpress\/wp-content\/plugins\/thumbnail-for-excerpts\/tfe_no_thumb.png\" class=\"alignleft wp-post-image tfe\" alt=\"\" title=\"\" \/><\/a><p>Jak u\u017e se st\u00e1v\u00e1 zvykem, \u00favodn\u00ed z\u00e1vod \u010cesk\u00e9ho poh\u00e1ru handbike www.caths.cz se uskute\u010dnil v Pardubic\u00edch jakou sou\u010d\u00e1st Pardubick\u00e9ho p\u016flmaratonu.V\u00edt\u011bzem kategorie H3 a z\u00e1rove\u0148 i celkov\u00fdm v\u00edt\u011bzem, bez rozd\u00edlu kategori\u00ed se [&hellip;]<\/p>\n","protected":false},"author":1,"featured_media":0,"comment_status":"closed","ping_status":"closed","sticky":false,"template":"","format":"standard","meta":{"ngg_post_thumbnail":0,"footnotes":""},"categories":[9],"tags":[],"class_list":["post-2504","post","type-post","status-publish","format-standard","hentry","category-handbike"],"_links":{"self":[{"href":"https:\/\/www.caths.cz\/wordpress\/wp-json\/wp\/v2\/posts\/2504","targetHints":{"allow":["GET"]}}],"collection":[{"href":"https:\/\/www.caths.cz\/wordpress\/wp-json\/wp\/v2\/posts"}],"about":[{"href":"https:\/\/www.caths.cz\/wordpress\/wp-json\/wp\/v2\/types\/post"}],"author":[{"embeddable":true,"href":"https:\/\/www.caths.cz\/wordpress\/wp-json\/wp\/v2\/users\/1"}],"replies":[{"embeddable":true,"href":"https:\/\/www.caths.cz\/wordpress\/wp-json\/wp\/v2\/comments?post=2504"}],"version-history":[{"count":0,"href":"https:\/\/www.caths.cz\/wordpress\/wp-json\/wp\/v2\/posts\/2504\/revisions"}],"wp:attachment":[{"href":"https:\/\/www.caths.cz\/wordpress\/wp-json\/wp\/v2\/media?parent=2504"}],"wp:term":[{"taxonomy":"category","embeddable":true,"href":"https:\/\/www.caths.cz\/wordpress\/wp-json\/wp\/v2\/categories?post=2504"},{"taxonomy":"post_tag","embeddable":true,"href":"https:\/\/www.caths.cz\/wordpress\/wp-json\/wp\/v2\/tags?post=2504"}],"curies":[{"name":"wp","href":"https:\/\/api.w.org\/{rel}","templated":true}]}}