{"id":2503,"date":"2013-04-23T22:21:05","date_gmt":"2013-04-23T21:21:05","guid":{"rendered":"http:\/\/www.caths.cz\/wordpress\/?p=2503"},"modified":"2013-04-23T22:21:05","modified_gmt":"2013-04-23T21:21:05","slug":"world-cup-princess-sophia-trophy","status":"publish","type":"post","link":"https:\/\/www.caths.cz\/wordpress\/world-cup-princess-sophia-trophy\/","title":{"rendered":"World Cup &#8211; Princess Sophia Trophy"},"content":{"rendered":"<p>V jachtingu za\u010dala sez\u00f3na 2013, prvn\u00ed sez\u00f3na nov\u00e9ho Olympijsk\u00e9ho cyklu. P\u0159e\u010dt\u011bte si zpr\u00e1vu Daniela B\u00edny z tohoto presti\u017en\u00edho jachta\u0159sk\u00e9ho podniku.<br \/>\nPo dlouh\u00e9m v\u00e1h\u00e1n\u00ed jsem se rozhodl zkusit je\u0161t\u011b jednou paralympijskou kampa\u0148. Tud\u00ed\u017e m\u00edsta se m\u011bn\u00ed, c\u00edle z\u016fst\u00e1vaj\u00ed a j\u00e1 se pokus\u00edm V\u00e1m p\u0159ibl\u00ed\u017eit pr\u016fb\u011bh tr\u00e9ning\u016f, p\u0159\u00edpravn\u00fdch z\u00e1vod\u016f, kvalifikac\u00ed a jak douf\u00e1m i vlastn\u00ed paralympi\u00e1du v Riu. <\/p>\n<p> <img decoding=\"async\" src=\"\/wordpress\/image\/sekretarky\/jachting\/sp2013\/SP2013.jpg\"> <\/p>\n<p> Sez\u00f3nu jsem zah\u00e1jil tr\u00e9ninkov\u00fdm kempem ve Valencii spole\u010dn\u011b s Holandskou a \u0160pan\u011blskou reprezentac\u00ed, kde jsem str\u00e1vil 3&#215;10 dn\u00ed. Z Valencie jsem p\u0159ejel do Palmy, kde se konal prvn\u00ed z\u00e1vod sv\u011btov\u00e9ho poh\u00e1ru na evropsk\u00e9m kontinent\u011b. <br \/> ISAF WC pro lodn\u00ed t\u0159\u00eddu 2.4mR byl p\u0159esunut do klubu Nautic S\u2019ARENAL ,kde se registrovalo 29 lod\u00ed z 9 st\u00e1t\u016f. Bohu\u017eel tr\u00e9ning p\u0159ed vlastn\u00ed regatou si vybral da\u0148 v podob\u011b utr\u017een\u00e9ho bicepsu Ameri\u010dana Marka LeBlanca a zl\u00e1man\u00fdch st\u011b\u017e\u0148\u016f v Holandsk\u00e9 i \u0160pan\u011blsk\u00e9 flotile.Tyto nehody zredukovaly po\u010det lod\u00ed na startu 24. \u010ceskou Republiku jsem v lodn\u00ed t\u0159\u00edd\u011b 2.4mR reprezentoval s\u00e1m. <\/p>\n<p> Den1 <\/p>\n<p> <img decoding=\"async\" src=\"\/wordpress\/image\/sekretarky\/jachting\/sp2013\/SP2013_a.jpg\"> <\/p>\n<p> V\u00edtr 25-30 uzl\u016f, vlny p\u0159es 2metry, nic se neodjelo. <\/p>\n<p> Den 2 <\/p>\n<p> V\u00edtr 14-20 uzl\u016f severoz\u00e1padn\u00edho sm\u011bru. \u010cekali jsem a\u017e lodn\u00ed t\u0159\u00edda 470 dokon\u010d\u00ed sv\u00e9 rozj\u00ed\u017e\u010fky a my vyjeli a\u017e ve 4 hodiny odpoledne. Situaci na vod\u011b komplikovaly mohutn\u00e9 vlny. Dokon\u010dili jsme 3 rozj\u00ed\u017e\u010fky a j\u00e1 se um\u00edstil na 6,10,9. m\u00edst\u011b, celkov\u011b 7. Den suver\u00e9nn\u011b ovl\u00e1dl Nor Bjornal Erikstad se 2 v\u00edt\u011bzstv\u00edmi a jedn\u00edm druh\u00fdm m\u00edstem.<\/p>\n<p> <img decoding=\"async\" src=\"\/wordpress\/image\/sekretarky\/jachting\/sp2013\/SP2013_b.jpg\"> <\/p>\n<p> Den 3 <\/p>\n<p> V\u00edtr severoz\u00e1padn\u00edho sm\u011bru, postupn\u011b se st\u00e1\u010dej\u00edc\u00ed od z\u00e1padu o s\u00edle okolo 15uzl\u016f. St\u00e1le p\u0159etrv\u00e1vali mohutn\u00e9 vlny. Na vodu jsme \u0161li ve 3 hodiny odpoledne a posledn\u00ed rozj\u00ed\u017e\u010fka skon\u010dila v 7 ve\u010der se 60\u00b0 sto\u010den\u00edm v\u011btru od jihoz\u00e1padu, j\u00e1 se bohu\u017eel v tomto okam\u017eiku nach\u00e1zel na opa\u010dn\u00e9m k\u0159\u00eddle a ze 4 m\u00edsta vyrobil p\u011bknou 12. Tak\u017ee s dojezdy 9, 5, 12 celkov\u011b st\u00e1le 7 m\u00edsto. Bjornara ve veden\u00ed vyst\u0159\u00eddala britka Megan Pascoe, kter\u00e1 se dv\u011bma v\u00edt\u011bzstv\u00edmi a jedn\u00edm druh\u00fdm m\u00edstem zopakovala v\u010derej\u0161\u00ed Bjornal\u016fv v\u00fdkon. <\/p>\n<p> Den 4 <\/p>\n<p> Prom\u011bnliv\u00fd severoz\u00e1padn\u00ed v\u00edtr 6-12uzl\u016f s 20\u00b0 zm\u011bnami. Bohu\u017eel p\u0159estala mi fungovat GPS,kter\u00e1 zlobila u\u017e v\u010dera, tak\u017ee ob\u011b rozj\u00ed\u017e\u010fky jsem odjel bez \u010dasu a kompasu. S um\u00edst\u011bn\u00edm na 13. a 7. m\u00edst\u011b jsem se propadl celkov\u011b na 9 m\u00edsto. Bjornal zah\u00e1jil spanilou j\u00edzdu a a\u017e do konce regaty jezdil bez por\u00e1\u017eky &#8230; gratuluji Bjornale k impozantn\u00edmu v\u00fdkonu!!! <\/p>\n<p> <img decoding=\"async\" src=\"\/wordpress\/image\/sekretarky\/jachting\/sp2013\/SP2013_c.jpg\"> <\/p>\n<p> Den 5 <\/p>\n<p> Severoz\u00e1padn\u00ed v\u00edtr o s\u00edle 10 uzl\u016f, s v\u00fdrazn\u00fdm p\u0159ito\u010den\u00edm od z\u00e1padu. Taktick\u00fd c\u00edl dne byl p\u0159estartovat \u0160pan\u011ble a pot\u00e9 uhl\u00eddat pozici, co\u017e se mi povedlo, nijak oslniv\u00fd dojezd na 9 m\u00edst\u011b znamenal n\u00e1vrat na celkov\u00e9 7 m\u00edsto. Celkov\u00e9 v\u00edt\u011bzstv\u00ed odnesl Bjornal Erikdstad n\u00e1sledov\u00e1n Megan Pascoe a Holan\u010fanem Barentem Kolem.<\/p>\n","protected":false},"excerpt":{"rendered":"<a href=\"https:\/\/www.caths.cz\/wordpress\/world-cup-princess-sophia-trophy\/\"><img loading=\"lazy\" decoding=\"async\" width=\"100\" height=\"100\" src=\"https:\/\/www.caths.cz\/wordpress\/wp-content\/plugins\/thumbnail-for-excerpts\/tfe_no_thumb.png\" class=\"alignleft wp-post-image tfe\" alt=\"\" title=\"\" \/><\/a><p>V jachtingu za\u010dala sez\u00f3na 2013, prvn\u00ed sez\u00f3na nov\u00e9ho Olympijsk\u00e9ho cyklu. P\u0159e\u010dt\u011bte si zpr\u00e1vu Daniela B\u00edny z tohoto presti\u017en\u00edho jachta\u0159sk\u00e9ho podniku. Po dlouh\u00e9m v\u00e1h\u00e1n\u00ed jsem se rozhodl zkusit je\u0161t\u011b jednou paralympijskou [&hellip;]<\/p>\n","protected":false},"author":1,"featured_media":0,"comment_status":"closed","ping_status":"closed","sticky":false,"template":"","format":"standard","meta":{"ngg_post_thumbnail":0,"footnotes":""},"categories":[11],"tags":[],"class_list":["post-2503","post","type-post","status-publish","format-standard","hentry","category-jachting"],"_links":{"self":[{"href":"https:\/\/www.caths.cz\/wordpress\/wp-json\/wp\/v2\/posts\/2503","targetHints":{"allow":["GET"]}}],"collection":[{"href":"https:\/\/www.caths.cz\/wordpress\/wp-json\/wp\/v2\/posts"}],"about":[{"href":"https:\/\/www.caths.cz\/wordpress\/wp-json\/wp\/v2\/types\/post"}],"author":[{"embeddable":true,"href":"https:\/\/www.caths.cz\/wordpress\/wp-json\/wp\/v2\/users\/1"}],"replies":[{"embeddable":true,"href":"https:\/\/www.caths.cz\/wordpress\/wp-json\/wp\/v2\/comments?post=2503"}],"version-history":[{"count":0,"href":"https:\/\/www.caths.cz\/wordpress\/wp-json\/wp\/v2\/posts\/2503\/revisions"}],"wp:attachment":[{"href":"https:\/\/www.caths.cz\/wordpress\/wp-json\/wp\/v2\/media?parent=2503"}],"wp:term":[{"taxonomy":"category","embeddable":true,"href":"https:\/\/www.caths.cz\/wordpress\/wp-json\/wp\/v2\/categories?post=2503"},{"taxonomy":"post_tag","embeddable":true,"href":"https:\/\/www.caths.cz\/wordpress\/wp-json\/wp\/v2\/tags?post=2503"}],"curies":[{"name":"wp","href":"https:\/\/api.w.org\/{rel}","templated":true}]}}