{"id":2502,"date":"2013-04-22T21:31:14","date_gmt":"2013-04-22T20:31:14","guid":{"rendered":"http:\/\/www.caths.cz\/wordpress\/?p=2502"},"modified":"2013-04-22T21:31:14","modified_gmt":"2013-04-22T20:31:14","slug":"uvodni-zavod-ceskeho-poharu-mtb-handicapovanych-cyklistu-vyhral-richard-stepanek-z-tymu-cerni-kone","status":"publish","type":"post","link":"https:\/\/www.caths.cz\/wordpress\/uvodni-zavod-ceskeho-poharu-mtb-handicapovanych-cyklistu-vyhral-richard-stepanek-z-tymu-cerni-kone\/","title":{"rendered":"\u00davodn\u00ed z\u00e1vod \u010cesk\u00e9ho poh\u00e1ru MTB handicapovan\u00fdch cyklist\u016f vyhr\u00e1l Richard \u0160t\u011bp\u00e1nek z t\u00fdmu \u010cern\u00ed kon\u011b"},"content":{"rendered":"<p>\u00davodn\u00ed z\u00e1vod Pra\u017esk\u00e9ho MTB poh\u00e1ru 2013 se uskute\u010dnil v ned\u011bli 21. dubna ve Zli\u010d\u00edn\u011b a p\u0159il\u00e1kal na start mno\u017estv\u00ed biker\u016f v\u0161ech kategori\u00ed.<br \/>\nMotivuj\u00edc\u00ed byl v\u00fdkon handicapovan\u00fdch z\u00e1vodn\u00edk\u016f Richarda \u0160t\u011bp\u00e1nka a Michaela Pluh\u00e1\u010dka z t\u00fdmu \u010cern\u00ed kon\u011b, pro kter\u00e9 byl n\u00e1ro\u010dn\u00fd z\u00e1vod prvn\u00edm kolem \u010cesk\u00e9ho poh\u00e1ru MTB handicapovan\u00fdch cyklist\u016f. <br \/>\nRespekt div\u00e1k\u016f i ostatn\u00edch z\u00e1vodn\u00edk\u016f, kter\u00fd tito borci z\u00edskali byl zna\u010dn\u00fd.<br \/>\n<img decoding=\"async\" src=\"\/wordpress\/image\/sekretarky\/cyklistika\/pmtbp\/zlicin2013 1993.JPG\"><\/p>\n<p> Zaj\u00edmav\u00e9 a dramatick\u00e9 souboje vid\u011bli div\u00e1ci v elitn\u00ed kategorii mu\u017e\u016f, kde v\u00edt\u011bzstv\u00ed vybojoval Luk\u00e1\u0161 S\u00e1bl\u00edk z t\u00fdmu Toyota Dol\u00e1k MTB, p\u0159ed Filipem Eberlem z Remerx-Merida Teamu Kol\u00edn a Tom\u00e1\u0161em Tvrd\u00edkem, rovn\u011b\u017e z t\u00fdmu Toyota Dol\u00e1k. <\/p>\n<p> V kategorii \u017een p\u0159edvedla velmi dobr\u00fd, bezchybn\u00fd v\u00fdkon Karla \u0160t\u011bp\u00e1nov\u00e1, Kona Cycling point, kter\u00e1 s n\u00e1skokem zv\u00edt\u011bzila p\u0159ed Janou Vale\u0161ovou GT Bicycles Opportunity a Jitkou \u0160karnitzlovou, Giant Cycling point. <\/p>\n<p> <img decoding=\"async\" src=\"\/wordpress\/image\/sekretarky\/cyklistika\/pmtbp\/zlicin2013 030.JPG\"><\/p>\n<p> Po\u0159adatel\u00e9 byli pot\u011b\u0161eni z po\u010detn\u00e9ho startovn\u00edho pelotonu d\u011btsk\u00fdch a ml\u00e1de\u017enick\u00fdch kategori\u00ed a po\u010detn\u00e9 zastoupen\u00ed pak m\u011bly i kategorie Mu\u017ei Open a Masters.<br \/> V kategorii \u017e\u00e1k\u016f zaujal v\u00fdkon a talent Jakuba Hn\u00edka, KAH Vrchlab\u00ed, v kategorii kadet\u016f dok\u00e1zal, navzdory nep\u0159\u00edjemn\u00e9mu p\u00e1du, vybojovat v\u00edt\u011bzstv\u00ed Jaroslav Sk\u00e1la z \u010cS Specialized Junior MTB a z\u00e1vod junior\u016f ovl\u00e1dnul Luk\u00e1\u0161 Kobes z t\u00fdmu Velosport Doma\u017elice.<br \/> Mezi \u017e\u00e1kyn\u011bmi triumfovala Dominika Kub\u00e1tov\u00e1 z t\u00fdmu IVAR CS Author Team a v\u00edt\u011bzstv\u00ed mezi kadetkami si z Prahy odv\u00e1\u017e\u00ed Kate\u0159ina Vopatov\u00e1 z Author Team Stupno. <\/p>\n<p> Druh\u00e9 kolo Pra\u017esk\u00e9ho MTB poh\u00e1ru se uskute\u010dn\u00ed 1. \u010dervna 2013 v Praze 17 \u0158ep\u00edch a z\u00e1vod bude sou\u010d\u00e1st\u00ed bikov\u00e9ho sv\u00e1tku, b\u011bhem kter\u00e9ho se pojede i M\u010cR novin\u00e1\u0159\u016f, \u010cesk\u00fd poh\u00e1r handicapovan\u00fdch cyklist\u016f MTB a cel\u00fd podnik vyvrchol\u00ed z\u00e1vodem \u010cesk\u00e9ho poh\u00e1ru XCO a XCE (1. a 2.6. 2013), kde uvid\u00edme z\u00e1vodit absolutn\u00ed \u010deskou \u0161pi\u010dku, v\u010detn\u011b olympionik\u016f z Lond\u00fdna 2012. <img decoding=\"async\" src=\"\/wordpress\/image\/sekretarky\/cyklistika\/pmtbp\/zlicin2013 926.JPG\"><\/p>\n<p> V\u00edce informac\u00ed a fotografie ze z\u00e1vodu p\u0159ineseme v nejbli\u017e\u0161\u00edch dnech na <a href=\"http:\/\/www.prahamtb.cz\">www.prahamtb.cz<\/a><\/p>\n","protected":false},"excerpt":{"rendered":"<a href=\"https:\/\/www.caths.cz\/wordpress\/uvodni-zavod-ceskeho-poharu-mtb-handicapovanych-cyklistu-vyhral-richard-stepanek-z-tymu-cerni-kone\/\"><img loading=\"lazy\" decoding=\"async\" width=\"100\" height=\"100\" src=\"https:\/\/www.caths.cz\/wordpress\/wp-content\/plugins\/thumbnail-for-excerpts\/tfe_no_thumb.png\" class=\"alignleft wp-post-image tfe\" alt=\"\" title=\"\" \/><\/a><p>\u00davodn\u00ed z\u00e1vod Pra\u017esk\u00e9ho MTB poh\u00e1ru 2013 se uskute\u010dnil v ned\u011bli 21. dubna ve Zli\u010d\u00edn\u011b a p\u0159il\u00e1kal na start mno\u017estv\u00ed biker\u016f v\u0161ech kategori\u00ed. Motivuj\u00edc\u00ed byl v\u00fdkon handicapovan\u00fdch z\u00e1vodn\u00edk\u016f Richarda \u0160t\u011bp\u00e1nka a [&hellip;]<\/p>\n","protected":false},"author":1,"featured_media":0,"comment_status":"closed","ping_status":"closed","sticky":false,"template":"","format":"standard","meta":{"ngg_post_thumbnail":0,"footnotes":""},"categories":[40],"tags":[],"class_list":["post-2502","post","type-post","status-publish","format-standard","hentry","category-pojed-s-nami"],"_links":{"self":[{"href":"https:\/\/www.caths.cz\/wordpress\/wp-json\/wp\/v2\/posts\/2502","targetHints":{"allow":["GET"]}}],"collection":[{"href":"https:\/\/www.caths.cz\/wordpress\/wp-json\/wp\/v2\/posts"}],"about":[{"href":"https:\/\/www.caths.cz\/wordpress\/wp-json\/wp\/v2\/types\/post"}],"author":[{"embeddable":true,"href":"https:\/\/www.caths.cz\/wordpress\/wp-json\/wp\/v2\/users\/1"}],"replies":[{"embeddable":true,"href":"https:\/\/www.caths.cz\/wordpress\/wp-json\/wp\/v2\/comments?post=2502"}],"version-history":[{"count":0,"href":"https:\/\/www.caths.cz\/wordpress\/wp-json\/wp\/v2\/posts\/2502\/revisions"}],"wp:attachment":[{"href":"https:\/\/www.caths.cz\/wordpress\/wp-json\/wp\/v2\/media?parent=2502"}],"wp:term":[{"taxonomy":"category","embeddable":true,"href":"https:\/\/www.caths.cz\/wordpress\/wp-json\/wp\/v2\/categories?post=2502"},{"taxonomy":"post_tag","embeddable":true,"href":"https:\/\/www.caths.cz\/wordpress\/wp-json\/wp\/v2\/tags?post=2502"}],"curies":[{"name":"wp","href":"https:\/\/api.w.org\/{rel}","templated":true}]}}