{"id":2501,"date":"2013-04-20T14:25:29","date_gmt":"2013-04-20T13:25:29","guid":{"rendered":"http:\/\/www.caths.cz\/wordpress\/?p=2501"},"modified":"2013-04-20T14:25:29","modified_gmt":"2013-04-20T13:25:29","slug":"cesi-prohrali-souboj-o-bronz-kanada-ma-zlato","status":"publish","type":"post","link":"https:\/\/www.caths.cz\/wordpress\/cesi-prohrali-souboj-o-bronz-kanada-ma-zlato\/","title":{"rendered":"\u010ce\u0161i prohr\u00e1li souboj o bronz, Kanada m\u00e1 zlato"},"content":{"rendered":"<p>\u010cesk\u00fd t\u00fdm dnes nastoupil do souboje s t\u00fdmem Ruska o bronzov\u00e9 medaile. O\u010dek\u00e1vali jsme t\u011b\u017ek\u00fd z\u00e1pas, proto\u017ee Rusov\u00e9 za posledn\u00ed rok ud\u011blali obrovsk\u00fd v\u00fdkonnostn\u00ed vzestup. V leto\u0161n\u00edm roce byla bilance vz\u00e1jemn\u00fdch z\u00e1pas\u016f 4:0 pro rusk\u00fd t\u00fdm. <img decoding=\"async\" src=\"\/wordpress\/image\/sekretarky\/sledge\/ms korea\/fotorep\/CR_RUS\/043.JPG\"> <\/p>\n<p> V prvn\u00ed t\u0159etin\u011b utk\u00e1n\u00ed n\u00e1s Rusov\u00e9 od prvn\u00edch minut p\u0159ehr\u00e1vali d\u016frazem a fyzickou hrou. N\u00e1sledn\u011b Rusov\u00e9 potrestali na\u0161i hrubou chybu v obran\u011b a vedli 1:0.<br \/> Do druh\u00e9 t\u0159etiny jsme vstoupili s v\u011bt\u0161\u00ed aktivitou, p\u0159i kter\u00e9 jsme si vytvo\u0159ili brankov\u00e9 p\u0159\u00edle\u017eitosti. Bohu\u017eel ani jedna z \u0161anc\u00ed nebyla \u010desk\u00fdmi hr\u00e1\u010di prom\u011bn\u011bna v g\u00f3l, na rozd\u00edl od na\u0161eho soupe\u0159e, kter\u00fd vst\u0159elil dal\u0161\u00ed dv\u011b branky a zv\u00fd\u0161il stav na 3:0 pro Rusy.<\/p>\n<p> <img decoding=\"async\" src=\"\/wordpress\/image\/sekretarky\/sledge\/ms korea\/fotorep\/CR_RUS\/051.JPG\"> <\/p>\n<p> Ve t\u0159et\u00ed t\u0159etin\u011b soupe\u0159 ji\u017e jen kontroloval v\u00fdsledek a nepustil na\u0161e hr\u00e1\u010de do \u017e\u00e1dn\u00fdch velk\u00fdch akc\u00ed a z\u00e1pas skon\u010dil v\u00edt\u011bzstv\u00edm Ruska, kte\u0159\u00ed si vezou svou prvn\u00ed medaili z vrcholn\u00e9 akce. Skv\u011bl\u00fd v\u00fdkon podal rusk\u00fd brank\u00e1\u0159 Ivanov, kter\u00fd byl i n\u00e1sledn\u011b vyhl\u00e1\u0161en za nejlep\u0161\u00edho brank\u00e1\u0159e mistrovstv\u00ed sv\u011bta. <\/p>\n<p> <img decoding=\"async\" src=\"\/wordpress\/image\/sekretarky\/sledge\/ms korea\/fotorep\/CR_RUS\/346.JPG\"> <\/p>\n<p> Do z\u00e1pasu o titul Mistra sv\u011bta nastoupily t\u00fdmy USA a Kanady. Z\u00e1pas byl velmi vyrovnan\u00fd. Oba t\u00fdmy p\u0159edv\u00e1d\u011bly skv\u011bl\u00fd v\u00fdkon, kombina\u010dn\u00ed rychlou hru v z\u00e1mo\u0159sk\u00e9m pojet\u00ed. V\u00edce hern\u00edho \u0161t\u011bst\u00ed m\u011bli Kana\u010fan\u00e9. V prvn\u00ed t\u0159etin\u011b p\u0159ekonal americk\u00e9ho brank\u00e1\u0159e kanadsk\u00fd bek Murray. Stav utk\u00e1n\u00ed se pak ji\u017e nezm\u011bnil a Kana\u010fan\u00e9 si pot\u0159et\u00ed odv\u00e1\u017eej\u00ed z MS titul Mistra sv\u011bta. Posledn\u00ed titul vybojovali v roce 2008, tak\u017ee o to v\u011bt\u0161\u00ed radost m\u011bl sou\u010dasn\u00fd kanadsk\u00fd omlazen\u00fd t\u00fdm. <\/p>\n<p> <img decoding=\"async\" src=\"\/wordpress\/image\/sekretarky\/sledge\/ms korea\/fotorep\/CR_RUS\/MS Korea_finale 137.JPG\"> <\/p>\n<p> <img decoding=\"async\" src=\"\/wordpress\/image\/sekretarky\/sledge\/ms korea\/fotorep\/CR_RUS\/MS Korea_finale 149.JPG\"> <\/p>\n","protected":false},"excerpt":{"rendered":"<a href=\"https:\/\/www.caths.cz\/wordpress\/cesi-prohrali-souboj-o-bronz-kanada-ma-zlato\/\"><img loading=\"lazy\" decoding=\"async\" width=\"100\" height=\"100\" src=\"https:\/\/www.caths.cz\/wordpress\/wp-content\/plugins\/thumbnail-for-excerpts\/tfe_no_thumb.png\" class=\"alignleft wp-post-image tfe\" alt=\"\" title=\"\" \/><\/a><p>\u010cesk\u00fd t\u00fdm dnes nastoupil do souboje s t\u00fdmem Ruska o bronzov\u00e9 medaile. O\u010dek\u00e1vali jsme t\u011b\u017ek\u00fd z\u00e1pas, proto\u017ee Rusov\u00e9 za posledn\u00ed rok ud\u011blali obrovsk\u00fd v\u00fdkonnostn\u00ed vzestup. V leto\u0161n\u00edm roce byla bilance [&hellip;]<\/p>\n","protected":false},"author":1,"featured_media":0,"comment_status":"closed","ping_status":"closed","sticky":false,"template":"","format":"standard","meta":{"ngg_post_thumbnail":0,"footnotes":""},"categories":[1],"tags":[],"class_list":["post-2501","post","type-post","status-publish","format-standard","hentry","category-nezarazene"],"_links":{"self":[{"href":"https:\/\/www.caths.cz\/wordpress\/wp-json\/wp\/v2\/posts\/2501","targetHints":{"allow":["GET"]}}],"collection":[{"href":"https:\/\/www.caths.cz\/wordpress\/wp-json\/wp\/v2\/posts"}],"about":[{"href":"https:\/\/www.caths.cz\/wordpress\/wp-json\/wp\/v2\/types\/post"}],"author":[{"embeddable":true,"href":"https:\/\/www.caths.cz\/wordpress\/wp-json\/wp\/v2\/users\/1"}],"replies":[{"embeddable":true,"href":"https:\/\/www.caths.cz\/wordpress\/wp-json\/wp\/v2\/comments?post=2501"}],"version-history":[{"count":0,"href":"https:\/\/www.caths.cz\/wordpress\/wp-json\/wp\/v2\/posts\/2501\/revisions"}],"wp:attachment":[{"href":"https:\/\/www.caths.cz\/wordpress\/wp-json\/wp\/v2\/media?parent=2501"}],"wp:term":[{"taxonomy":"category","embeddable":true,"href":"https:\/\/www.caths.cz\/wordpress\/wp-json\/wp\/v2\/categories?post=2501"},{"taxonomy":"post_tag","embeddable":true,"href":"https:\/\/www.caths.cz\/wordpress\/wp-json\/wp\/v2\/tags?post=2501"}],"curies":[{"name":"wp","href":"https:\/\/api.w.org\/{rel}","templated":true}]}}