{"id":2499,"date":"2013-04-17T07:51:09","date_gmt":"2013-04-17T06:51:09","guid":{"rendered":"http:\/\/www.caths.cz\/wordpress\/?p=2499"},"modified":"2013-04-17T07:51:09","modified_gmt":"2013-04-17T06:51:09","slug":"cyklisticky-reprezentacni-tym-ma-noveho-sponzora-bicycle-cafe","status":"publish","type":"post","link":"https:\/\/www.caths.cz\/wordpress\/cyklisticky-reprezentacni-tym-ma-noveho-sponzora-bicycle-cafe\/","title":{"rendered":"Cyklistick\u00fd reprezenta\u010dn\u00ed t\u00fdm m\u00e1 nov\u00e9ho sponzora &#8211; Bicycle Cafe"},"content":{"rendered":"<p>Spole\u010dnost Bicycle Cafe, kter\u00e1 se specializuje na prodej a servis exkluzivn\u00edch kol se st\u00e1v\u00e1 nov\u00fdm partnerem \u00fasp\u011b\u0161n\u00e9ho reprezenta\u010dn\u00edho t\u00fdmu t\u011blesn\u011b handicapovan\u00fdch cyklist\u016f. T\u00fdm, kter\u00fd m\u00e1 ve sv\u00fdch \u0159ad\u00e1ch skute\u010dn\u00e9 osobnosti sv\u011btov\u00e9 cyklistiky handicapovan\u00fdch &#8211; Ji\u0159\u00edho Je\u017eka, Terezu Diepoldovou \u010di Michala Starka a z paralympijsk\u00fdch her v Lond\u00fdn\u011b d\u00edky Jirkovi a Tereze p\u0159ivezl jednu zlatou a dv\u011b st\u0159\u00edbrn\u00e9 medaile, obdr\u017eel materi\u00e1ln\u00ed podporu v \u0161estim\u00edstn\u00e9 \u010d\u00e1stce a na\u0161i reprezentanti budou moci v sez\u00f3n\u011b 2013 z\u00e1vodit na \u0161pi\u010dkov\u00fdch karbonov\u00fdch kolech darovan\u00fdch firmou Bicycle Cafe. <\/p>\n<p> <img decoding=\"async\" src=\"\/wordpress\/image\/sekretarky\/cyklistika\/kola_bycicle cafe.jpg\"><\/p>\n","protected":false},"excerpt":{"rendered":"<a href=\"https:\/\/www.caths.cz\/wordpress\/cyklisticky-reprezentacni-tym-ma-noveho-sponzora-bicycle-cafe\/\"><img loading=\"lazy\" decoding=\"async\" width=\"100\" height=\"100\" src=\"https:\/\/www.caths.cz\/wordpress\/wp-content\/plugins\/thumbnail-for-excerpts\/tfe_no_thumb.png\" class=\"alignleft wp-post-image tfe\" alt=\"\" title=\"\" \/><\/a><p>Spole\u010dnost Bicycle Cafe, kter\u00e1 se specializuje na prodej a servis exkluzivn\u00edch kol se st\u00e1v\u00e1 nov\u00fdm partnerem \u00fasp\u011b\u0161n\u00e9ho reprezenta\u010dn\u00edho t\u00fdmu t\u011blesn\u011b handicapovan\u00fdch cyklist\u016f. T\u00fdm, kter\u00fd m\u00e1 ve sv\u00fdch \u0159ad\u00e1ch skute\u010dn\u00e9 osobnosti [&hellip;]<\/p>\n","protected":false},"author":1,"featured_media":0,"comment_status":"closed","ping_status":"closed","sticky":false,"template":"","format":"standard","meta":{"ngg_post_thumbnail":0,"footnotes":""},"categories":[2],"tags":[],"class_list":["post-2499","post","type-post","status-publish","format-standard","hentry","category-cyklistika"],"_links":{"self":[{"href":"https:\/\/www.caths.cz\/wordpress\/wp-json\/wp\/v2\/posts\/2499","targetHints":{"allow":["GET"]}}],"collection":[{"href":"https:\/\/www.caths.cz\/wordpress\/wp-json\/wp\/v2\/posts"}],"about":[{"href":"https:\/\/www.caths.cz\/wordpress\/wp-json\/wp\/v2\/types\/post"}],"author":[{"embeddable":true,"href":"https:\/\/www.caths.cz\/wordpress\/wp-json\/wp\/v2\/users\/1"}],"replies":[{"embeddable":true,"href":"https:\/\/www.caths.cz\/wordpress\/wp-json\/wp\/v2\/comments?post=2499"}],"version-history":[{"count":0,"href":"https:\/\/www.caths.cz\/wordpress\/wp-json\/wp\/v2\/posts\/2499\/revisions"}],"wp:attachment":[{"href":"https:\/\/www.caths.cz\/wordpress\/wp-json\/wp\/v2\/media?parent=2499"}],"wp:term":[{"taxonomy":"category","embeddable":true,"href":"https:\/\/www.caths.cz\/wordpress\/wp-json\/wp\/v2\/categories?post=2499"},{"taxonomy":"post_tag","embeddable":true,"href":"https:\/\/www.caths.cz\/wordpress\/wp-json\/wp\/v2\/tags?post=2499"}],"curies":[{"name":"wp","href":"https:\/\/api.w.org\/{rel}","templated":true}]}}