{"id":2498,"date":"2013-04-16T18:36:39","date_gmt":"2013-04-16T17:36:39","guid":{"rendered":"http:\/\/www.caths.cz\/wordpress\/?p=2498"},"modified":"2013-04-16T18:36:39","modified_gmt":"2013-04-16T17:36:39","slug":"usa-porazilo-cr-v-semifinale-se-stretneme-s-kanadou","status":"publish","type":"post","link":"https:\/\/www.caths.cz\/wordpress\/usa-porazilo-cr-v-semifinale-se-stretneme-s-kanadou\/","title":{"rendered":"USA porazilo \u010cR, v semifin\u00e1le se st\u0159etneme s Kanadou"},"content":{"rendered":"<p>V hokejov\u00e9 ar\u00e9n\u011b byly ve \u00fater\u00fd na programu posledn\u00ed z\u00e1pasy ve skupin\u00e1ch. \u010cesk\u00fd t\u00fdm se utkal s t\u00fdmem USA, kter\u00fd byl dnes nad na\u0161e s\u00edly a porazil n\u00e1s 3:0.\u010cesk\u00e9mu t\u00fdmu se v \u00favodn\u00edch dvou t\u0159etin\u00e1ch neda\u0159ilo. Soupe\u0159 m\u011bl po celou dobu p\u0159evahu a s p\u0159ehledem se ujal v prvn\u00ed t\u0159etin\u011b veden\u00ed 1:0 a ve druh\u00e9 t\u0159etin\u011b vst\u0159elil dal\u0161\u00ed dv\u011b branky.<br \/> Ve t\u0159et\u00ed t\u0159etin\u011b \u010ce\u0161i odvedli v\u00fdborn\u00fd v\u00fdkon a celou t\u0159etinu m\u011bli hern\u00ed p\u0159evahu. Michalovi Geierovi se bohu\u017eel nepoda\u0159ilo prom\u011bnit obrovskou \u0161anci a do konce t\u0159etiny g\u00f3l ji\u017e nepadl.<\/p>\n<p> <img decoding=\"async\" src=\"\/wordpress\/image\/sekretarky\/sledge\/ms korea\/fotorep\/CR_USA\/280.JPG\"><\/p>\n<p> \u010cesk\u00e1 republika po dvou v\u00fdhr\u00e1ch a jedn\u00e9 proh\u0159e obsadila ve skupin\u011b B druh\u00e9 m\u00edsto za USA. Ve \u010dtvrte\u010dn\u00edm semifin\u00e1le se n\u00e1\u0161 t\u00fdm utk\u00e1 se silnou Kanadou, kter\u00e1 postoupila ze skupiny z prvn\u00edho m\u00edsta bez ztr\u00e1ty jedin\u00e9ho bodu.<br \/> Druh\u00e9 semifin\u00e1le hraje v\u00edt\u011bz na\u0161\u00ed skupiny USA proti t\u00fdmu Ruska. \u010ctvrtfin\u00e1le hraj\u00ed Norsko-Korea a It\u00e1lie-\u0160v\u00e9dsko.<\/p>\n<p> Ve \u010dtvrfin\u00e1le bude m\u00edt \u010cesk\u00e1 republika taky zastoupen\u00ed a to v podob\u011b hlavn\u00ed rozhod\u010d\u00edho, kdy\u017e utk\u00e1n\u00ed Norsko-Korea bude \u0159\u00eddit Jan Van\u011bk. V semifin\u00e1le bude zastupovat \u010ceskou republiku v pruhovan\u00e9m dresu jako \u010d\u00e1rov\u00fd rozhod\u010d\u00ed Leon Wesley v z\u00e1pase USA-Rusko. <\/p>\n<p> Po\u0159ad\u00ed ve skupin\u00e1ch:<br \/> Skupina A Skupina B<br \/> 1. USA 1. Kanada<br \/> 2. \u010cesk\u00e1 republika 2. Rusko<br \/> 3. Norsko 3. It\u00e1lie<br \/> 4. \u0160v\u00e9dsko 4. Korea<\/p>\n<p> \u010ctvrfin\u00e1le <br \/> st\u0159eda 08:00 hod. Norsko Korea<br \/> st\u0159eda 11:30 hod. It\u00e1lie \u0160v\u00e9dsko<\/p>\n<p> Semifin\u00e1le <br \/> \u010dtvrtek 08:00 hod. USA Rusko<br \/> \u010dtvrtek 11:30 hod. Kanada \u010cesko<\/p>\n<p> <img decoding=\"async\" src=\"\/wordpress\/image\/sekretarky\/sledge\/ms korea\/fotorep\/CR_USA\/392.JPG\"><\/p>\n<p> <img decoding=\"async\" src=\"\/wordpress\/image\/sekretarky\/sledge\/ms korea\/fotorep\/CR_USA\/411.JPG\"><\/p>\n<p> <img decoding=\"async\" src=\"\/wordpress\/image\/sekretarky\/sledge\/ms korea\/fotorep\/CR_USA\/515.JPG\"><\/p>\n<p> <img decoding=\"async\" src=\"\/wordpress\/image\/sekretarky\/sledge\/ms korea\/fotorep\/CR_USA\/602.JPG\"><\/p>\n","protected":false},"excerpt":{"rendered":"<a href=\"https:\/\/www.caths.cz\/wordpress\/usa-porazilo-cr-v-semifinale-se-stretneme-s-kanadou\/\"><img loading=\"lazy\" decoding=\"async\" width=\"100\" height=\"100\" src=\"https:\/\/www.caths.cz\/wordpress\/wp-content\/plugins\/thumbnail-for-excerpts\/tfe_no_thumb.png\" class=\"alignleft wp-post-image tfe\" alt=\"\" title=\"\" \/><\/a><p>V hokejov\u00e9 ar\u00e9n\u011b byly ve \u00fater\u00fd na programu posledn\u00ed z\u00e1pasy ve skupin\u00e1ch. \u010cesk\u00fd t\u00fdm se utkal s t\u00fdmem USA, kter\u00fd byl dnes nad na\u0161e s\u00edly a porazil n\u00e1s 3:0.\u010cesk\u00e9mu t\u00fdmu [&hellip;]<\/p>\n","protected":false},"author":1,"featured_media":0,"comment_status":"closed","ping_status":"closed","sticky":false,"template":"","format":"standard","meta":{"ngg_post_thumbnail":0,"footnotes":""},"categories":[1],"tags":[],"class_list":["post-2498","post","type-post","status-publish","format-standard","hentry","category-nezarazene"],"_links":{"self":[{"href":"https:\/\/www.caths.cz\/wordpress\/wp-json\/wp\/v2\/posts\/2498","targetHints":{"allow":["GET"]}}],"collection":[{"href":"https:\/\/www.caths.cz\/wordpress\/wp-json\/wp\/v2\/posts"}],"about":[{"href":"https:\/\/www.caths.cz\/wordpress\/wp-json\/wp\/v2\/types\/post"}],"author":[{"embeddable":true,"href":"https:\/\/www.caths.cz\/wordpress\/wp-json\/wp\/v2\/users\/1"}],"replies":[{"embeddable":true,"href":"https:\/\/www.caths.cz\/wordpress\/wp-json\/wp\/v2\/comments?post=2498"}],"version-history":[{"count":0,"href":"https:\/\/www.caths.cz\/wordpress\/wp-json\/wp\/v2\/posts\/2498\/revisions"}],"wp:attachment":[{"href":"https:\/\/www.caths.cz\/wordpress\/wp-json\/wp\/v2\/media?parent=2498"}],"wp:term":[{"taxonomy":"category","embeddable":true,"href":"https:\/\/www.caths.cz\/wordpress\/wp-json\/wp\/v2\/categories?post=2498"},{"taxonomy":"post_tag","embeddable":true,"href":"https:\/\/www.caths.cz\/wordpress\/wp-json\/wp\/v2\/tags?post=2498"}],"curies":[{"name":"wp","href":"https:\/\/api.w.org\/{rel}","templated":true}]}}