{"id":2496,"date":"2013-04-15T07:25:53","date_gmt":"2013-04-15T06:25:53","guid":{"rendered":"http:\/\/www.caths.cz\/wordpress\/?p=2496"},"modified":"2013-04-15T07:25:53","modified_gmt":"2013-04-15T06:25:53","slug":"o-vikendu-zacina-cesky-pohar-mtb-handicapovanych-prvnim-kolem","status":"publish","type":"post","link":"https:\/\/www.caths.cz\/wordpress\/o-vikendu-zacina-cesky-pohar-mtb-handicapovanych-prvnim-kolem\/","title":{"rendered":"O v\u00edkendu za\u010d\u00edn\u00e1 \u010cesk\u00fd poh\u00e1r MTB handicapovan\u00fdch prvn\u00edm kolem"},"content":{"rendered":"<p>Po\u0159adatel\u00e9 Pra\u017esk\u00e9ho MTB poh\u00e1ru 2013 v\u00e1s zvou na spole\u010dn\u00e9 tr\u00e9ninky na trati \u00favodn\u00edho z\u00e1vodu Pra\u017esk\u00e9ho MTB Poh\u00e1ru 2013, kter\u00fd se uskute\u010dn\u00ed v ned\u011bli 21.dubna na Zli\u010d\u00edn\u011b. Na trati se u\u017e n\u011bkolik dn\u00ed piln\u011b pracuje a do hry vstoupila i t\u011b\u017ek\u00e1 technika, tak\u017ee vyznava\u010di technick\u00fdch \u00fasek\u016f si na trati z\u00e1vodu u\u017eij\u00ed sv\u00e9. <\/p>\n<p> Po\u0159adatel\u00e9 ale uklid\u0148uj\u00ed i ty m\u00e9n\u011b technicky vysp\u011bl\u00e9 bikery a handicapovan\u00e9 cyklisty, pro kter\u00e9 bude ned\u011bln\u00ed z\u00e1vod na Zli\u010d\u00edn\u011b \u00favodn\u00edm podnikem \u010cesk\u00e9ho poh\u00e1ru handicapovan\u00fdch cyklist\u016f 2013. <br \/> V\u0161echny n\u00e1ro\u010dn\u011bj\u0161\u00ed technick\u00e9 \u00faseky budou m\u00edt i svou \u201eChicken way\u201c tedy snadnou obj\u00edzdnou trasu. <\/p>\n<p> Rozpis tr\u00e9nink\u016f:<br \/> \u010dtvrtek 18.4. 17:00 \u2013 19:00 hodin<br \/> p\u00e1tek 19.4. 17:00 \u2013 19:00 hodin<br \/> sobota 20.4. 16:00 \u2013 19:00 hodin<\/p>\n<p> Dal\u0161\u00ed informace naleznete na ofici\u00e1ln\u00edch str\u00e1nk\u00e1ch Pra\u017esk\u00e9ho MTB poh\u00e1ru <a href=\"http:\/\/prahamtb.cz\/\">www.prahamtb.cz<\/a> a zde tak\u00e9 naleznete <a href=\"http:\/\/prahamtb.cz\/?page_id=18\">p\u0159ihla\u0161ovac\u00ed formul\u00e1\u0159<\/a>.. <br \/> O z\u00e1vody Pra\u017esk\u00e9ho MTB poh\u00e1ru je mezi cyklistickou ve\u0159ejnost\u00ed velk\u00fd z\u00e1jem a tak po\u0159adatel\u00e9 pros\u00ed v\u0161echny z\u00e1jemce o \u00fa\u010dast v z\u00e1vod\u011b, aby se p\u0159edem registrovali na st\u00e1nk\u00e1ch poh\u00e1ru. V\u00fdrazn\u011b se t\u00edm uleh\u010d\u00ed administrativa kancel\u00e1\u0159e z\u00e1vodu a vy nebudete muset st\u00e1t ve front\u011b \ud83d\ude42 <\/p>\n<p> <img decoding=\"async\" src=\"\/wordpress\/image\/sekretarky\/skok_MTB.jpg\"><\/p>\n","protected":false},"excerpt":{"rendered":"<a href=\"https:\/\/www.caths.cz\/wordpress\/o-vikendu-zacina-cesky-pohar-mtb-handicapovanych-prvnim-kolem\/\"><img loading=\"lazy\" decoding=\"async\" width=\"100\" height=\"100\" src=\"https:\/\/www.caths.cz\/wordpress\/wp-content\/plugins\/thumbnail-for-excerpts\/tfe_no_thumb.png\" class=\"alignleft wp-post-image tfe\" alt=\"\" title=\"\" \/><\/a><p>Po\u0159adatel\u00e9 Pra\u017esk\u00e9ho MTB poh\u00e1ru 2013 v\u00e1s zvou na spole\u010dn\u00e9 tr\u00e9ninky na trati \u00favodn\u00edho z\u00e1vodu Pra\u017esk\u00e9ho MTB Poh\u00e1ru 2013, kter\u00fd se uskute\u010dn\u00ed v ned\u011bli 21.dubna na Zli\u010d\u00edn\u011b. Na trati se u\u017e [&hellip;]<\/p>\n","protected":false},"author":1,"featured_media":0,"comment_status":"closed","ping_status":"closed","sticky":false,"template":"","format":"standard","meta":{"ngg_post_thumbnail":0,"footnotes":""},"categories":[40],"tags":[],"class_list":["post-2496","post","type-post","status-publish","format-standard","hentry","category-pojed-s-nami"],"_links":{"self":[{"href":"https:\/\/www.caths.cz\/wordpress\/wp-json\/wp\/v2\/posts\/2496","targetHints":{"allow":["GET"]}}],"collection":[{"href":"https:\/\/www.caths.cz\/wordpress\/wp-json\/wp\/v2\/posts"}],"about":[{"href":"https:\/\/www.caths.cz\/wordpress\/wp-json\/wp\/v2\/types\/post"}],"author":[{"embeddable":true,"href":"https:\/\/www.caths.cz\/wordpress\/wp-json\/wp\/v2\/users\/1"}],"replies":[{"embeddable":true,"href":"https:\/\/www.caths.cz\/wordpress\/wp-json\/wp\/v2\/comments?post=2496"}],"version-history":[{"count":0,"href":"https:\/\/www.caths.cz\/wordpress\/wp-json\/wp\/v2\/posts\/2496\/revisions"}],"wp:attachment":[{"href":"https:\/\/www.caths.cz\/wordpress\/wp-json\/wp\/v2\/media?parent=2496"}],"wp:term":[{"taxonomy":"category","embeddable":true,"href":"https:\/\/www.caths.cz\/wordpress\/wp-json\/wp\/v2\/categories?post=2496"},{"taxonomy":"post_tag","embeddable":true,"href":"https:\/\/www.caths.cz\/wordpress\/wp-json\/wp\/v2\/tags?post=2496"}],"curies":[{"name":"wp","href":"https:\/\/api.w.org\/{rel}","templated":true}]}}