{"id":2492,"date":"2013-04-12T22:28:29","date_gmt":"2013-04-12T21:28:29","guid":{"rendered":"http:\/\/www.caths.cz\/wordpress\/?p=2492"},"modified":"2013-04-12T22:28:29","modified_gmt":"2013-04-12T21:28:29","slug":"pripravny-zapas-v-koreji-cesko-rusko-12","status":"publish","type":"post","link":"https:\/\/www.caths.cz\/wordpress\/pripravny-zapas-v-koreji-cesko-rusko-12\/","title":{"rendered":"P\u0159\u00edpravn\u00fd z\u00e1pas v Koreji: \u010cesko-Rusko 1:2"},"content":{"rendered":"<p>N\u00e1rodn\u00ed t\u00fdm ve sledge hokeji odehr\u00e1l v r\u00e1mci sv\u00e9ho tr\u00e9ninku v Koreji p\u0159\u00edpravn\u00fd z\u00e1pas s Ruskem, ve kter\u00e9m nejprve vedli po kr\u00e1sn\u00e9 akci dua Kube\u0161-\u0160afr\u00e1nek, ale nakonec ho smoln\u011b prohr\u00e1li brankou v posledn\u00ed vte\u0159in\u011b z\u00e1pasu. \u010cernou ka\u0148kou na z\u00e1pase bylo nep\u0159\u00edjemn\u00e9 zran\u011bn\u00ed Zde\u0148ka Krupi\u010dky, kter\u00fd byl p\u0159evezen do nemocnice, ve kter\u00e9 se v\u0161ak potvrdilo, \u017ee zran\u011bn\u00ed nen\u00ed v\u00e1\u017en\u00e9. Drobn\u00fd \u0161r\u00e1m si odnesl taky obr\u00e1nce Hrbek, kter\u00fd dol\u00e9\u010duje zran\u011bn\u00e9 rameno. <\/p>\n<p> <img decoding=\"async\" src=\"\/wordpress\/image\/sekretarky\/sledge\/ms korea\/fotorep\/pripravny zapas\/phoca_thumb_l_korea_04_2013609.jpg\"><\/p>\n<p> Hodnocen\u00ed hlavn\u00edho tren\u00e9ra Ji\u0159\u00edho B\u0159\u00edzy:<\/p>\n<p> P\u0159\u00edpravn\u00fd z\u00e1pas s Ruskem byl pro n\u00e1s velice p\u0159\u00ednosn\u00fd a hodnotnou zkou\u0161kou p\u0159ed turnajem MS. I kdy\u017e jsme v\u00fdsledkem prohr\u00e1li 1-2, byli jsme soupe\u0159i vyrovnan\u00fdm t\u00fdmem. V\u011bd\u011bli jsme, \u017ee n\u00e1s \u010dek\u00e1 velice n\u00e1ro\u010dn\u00e9 utk\u00e1n\u00ed s fyzicky dob\u0159e vybaven\u00fdm soupe\u0159em. Sk\u00f3re utk\u00e1n\u00ed otev\u0159el n\u00e1\u0161 kapit\u00e1n \u0160afr\u00e1nek, kter\u00fd chyt\u0159e zakon\u010dil sv\u016fj s\u00f3lov\u00fd n\u00e1jezd. Rusov\u00e9 stihli vyrovnat je\u0161t\u011b v prvn\u00ed t\u0159etin\u011b a nakonec sv\u00e9 v\u00edt\u011bzstv\u00ed strhli na svou stranu a\u017e v posledn\u00ed sekund\u011b cel\u00e9ho z\u00e1pasu. Utk\u00e1n\u00ed n\u00e1s prov\u011b\u0159ilo ve v\u0161ech komponentech, odehran\u00e9 z na\u0161\u00ed strany disciplinovan\u00e9 bez vylou\u010den\u00ed. Douf\u00e1me, \u017ee zran\u011bn\u00ed Krupi\u010dky, kter\u00e9 v z\u00e1pase utrp\u011bl, nebude v\u00e1\u017en\u00e9 a \u017ee nastoup\u00edme pro d\u016fle\u017eit\u00e9 prvn\u00ed utk\u00e1n\u00ed turnaje s Norskem v pln\u00e9 sestav\u011b. <\/p>\n<p> <img decoding=\"async\" src=\"\/wordpress\/image\/sekretarky\/sledge\/ms korea\/fotorep\/pripravny zapas\/phoca_thumb_l_dsc04424.jpg\"><\/p>\n<p> <Strong>\u010cesk\u00e1 republika &#8211; Rusko 1:2 (1:1, 0:0, 0:1) <\/p>\n<p> Branky: <\/strong>\u0160afr\u00e1nek (Kube\u0161)<br \/> <strong>Vylou\u010den\u00ed:<\/strong> 0:1. <strong>Vyu\u017eit\u00ed:<\/strong> 0:0.<br \/> <strong>Sestava \u010cR:<\/strong> Hul\u00edn\/V\u00e1penka &#8211; Hrbek, Kvoch, Kube\u0161, Berger, Kl\u00edma, \u0160afr\u00e1nek, Geier, H\u00e1bl, Fojt\u00edk, Raul, Krupi\u010dka, Pal\u00e1t. <\/p>\n<p> <img decoding=\"async\" src=\"\/wordpress\/image\/sekretarky\/sledge\/ms korea\/fotorep\/pripravny zapas\/phoca_thumb_l_dsc04422.jpg\"><\/p>\n<p> <img decoding=\"async\" src=\"\/wordpress\/image\/sekretarky\/sledge\/ms korea\/fotorep\/pripravny zapas\/phoca_thumb_l_dsc04426.jpg\"><\/p>\n<p> <img decoding=\"async\" src=\"\/wordpress\/image\/sekretarky\/sledge\/ms korea\/fotorep\/pripravny zapas\/phoca_thumb_l_korea_04_2013611.jpg\"><\/p>\n<p> <img decoding=\"async\" src=\"\/wordpress\/image\/sekretarky\/sledge\/ms korea\/fotorep\/pripravny zapas\/phoca_thumb_l_korea_04_2013619.jpg\"><\/p>\n","protected":false},"excerpt":{"rendered":"<a href=\"https:\/\/www.caths.cz\/wordpress\/pripravny-zapas-v-koreji-cesko-rusko-12\/\"><img loading=\"lazy\" decoding=\"async\" width=\"100\" height=\"100\" src=\"https:\/\/www.caths.cz\/wordpress\/wp-content\/plugins\/thumbnail-for-excerpts\/tfe_no_thumb.png\" class=\"alignleft wp-post-image tfe\" alt=\"\" title=\"\" \/><\/a><p>N\u00e1rodn\u00ed t\u00fdm ve sledge hokeji odehr\u00e1l v r\u00e1mci sv\u00e9ho tr\u00e9ninku v Koreji p\u0159\u00edpravn\u00fd z\u00e1pas s Ruskem, ve kter\u00e9m nejprve vedli po kr\u00e1sn\u00e9 akci dua Kube\u0161-\u0160afr\u00e1nek, ale nakonec ho smoln\u011b prohr\u00e1li [&hellip;]<\/p>\n","protected":false},"author":1,"featured_media":0,"comment_status":"closed","ping_status":"closed","sticky":false,"template":"","format":"standard","meta":{"ngg_post_thumbnail":0,"footnotes":""},"categories":[1],"tags":[],"class_list":["post-2492","post","type-post","status-publish","format-standard","hentry","category-nezarazene"],"_links":{"self":[{"href":"https:\/\/www.caths.cz\/wordpress\/wp-json\/wp\/v2\/posts\/2492","targetHints":{"allow":["GET"]}}],"collection":[{"href":"https:\/\/www.caths.cz\/wordpress\/wp-json\/wp\/v2\/posts"}],"about":[{"href":"https:\/\/www.caths.cz\/wordpress\/wp-json\/wp\/v2\/types\/post"}],"author":[{"embeddable":true,"href":"https:\/\/www.caths.cz\/wordpress\/wp-json\/wp\/v2\/users\/1"}],"replies":[{"embeddable":true,"href":"https:\/\/www.caths.cz\/wordpress\/wp-json\/wp\/v2\/comments?post=2492"}],"version-history":[{"count":0,"href":"https:\/\/www.caths.cz\/wordpress\/wp-json\/wp\/v2\/posts\/2492\/revisions"}],"wp:attachment":[{"href":"https:\/\/www.caths.cz\/wordpress\/wp-json\/wp\/v2\/media?parent=2492"}],"wp:term":[{"taxonomy":"category","embeddable":true,"href":"https:\/\/www.caths.cz\/wordpress\/wp-json\/wp\/v2\/categories?post=2492"},{"taxonomy":"post_tag","embeddable":true,"href":"https:\/\/www.caths.cz\/wordpress\/wp-json\/wp\/v2\/tags?post=2492"}],"curies":[{"name":"wp","href":"https:\/\/api.w.org\/{rel}","templated":true}]}}