{"id":2490,"date":"2013-04-09T22:44:20","date_gmt":"2013-04-09T21:44:20","guid":{"rendered":"http:\/\/www.caths.cz\/wordpress\/?p=2490"},"modified":"2013-04-09T22:44:20","modified_gmt":"2013-04-09T21:44:20","slug":"maskoti-na-ceste-do-koreji","status":"publish","type":"post","link":"https:\/\/www.caths.cz\/wordpress\/maskoti-na-ceste-do-koreji\/","title":{"rendered":"Maskoti na cest\u011b do Koreji"},"content":{"rendered":"<p>Jak jsme V\u00e1s ned\u00e1vno informovali, \u010desk\u00fd t\u00fdm doprov\u00e1z\u00ed dva nov\u00e1\u010dci &#8211; maskoti t\u00fdmu &#8211; obl\u00edben\u00e9 postavi\u010dky animovan\u00e9ho seri\u00e1lu Pat a Mat.V\u011bt\u0161ina z n\u00e1s zn\u00e1 nesn\u00e1ze, kter\u00e9 tyto dva pan\u00e1\u010dky \u010dasto prov\u00e1z\u00ed. Na cest\u011b do korejsk\u00e9ho Soulu v\u0161ak v\u0161e prob\u011bhlo v po\u0159\u00e1dku. &#8222;Ho\u0161i&#8220; si cestu u\u017eili a byli \u010dasto v centru z\u00e1jmu cestuj\u00edc\u00edch. <br \/> Pod\u00edvejte se na p\u00e1r sn\u00edmk\u016f po\u0159\u00edzen\u00fdch v pr\u016fb\u011bhu cesty do Koreji&#8230; <\/p>\n<p> <img decoding=\"async\" src=\"\/wordpress\/image\/sekretarky\/sledge\/ms korea\/fotorep\/maskoti\/DSC04119.JPG\"> <\/p>\n<p> Bezpe\u010dnostn\u00ed kontrola na leti\u0161ti je nep\u0159\u00edjemn\u00e1. Maskoti ji nav\u00edc absolvovali v ned\u016fstojn\u00e9 poloze a igelitov\u00e9m obalu.<\/p>\n<p> <img decoding=\"async\" src=\"\/wordpress\/image\/sekretarky\/sledge\/ms korea\/fotorep\/maskoti\/DSC04127.JPG\"> <\/p>\n<p> \u010cek\u00e1n\u00ed na leti\u0161ti s kolegy z t\u00fdmu<\/p>\n<p> <img decoding=\"async\" src=\"\/wordpress\/image\/sekretarky\/sledge\/ms korea\/fotorep\/maskoti\/DSC04122.JPG\"> <\/p>\n<p> Na pa\u0159\u00ed\u017esk\u00e9m leti\u0161ti m\u011bli Pat a Mat sv\u00e9ho profesion\u00e1ln\u00edho asistenta<\/p>\n<p> <img decoding=\"async\" src=\"\/wordpress\/image\/sekretarky\/sledge\/ms korea\/fotorep\/maskoti\/DSC04131.JPG\"> <\/p>\n<p> A proto ochotn\u011b zap\u00f3zovali pro PR leteck\u00e9 spole\u010dnosti Air France <\/p>\n<p> <img decoding=\"async\" src=\"\/wordpress\/image\/sekretarky\/sledge\/ms korea\/fotorep\/maskoti\/DSC04123.JPG\"> <\/p>\n<p> Vyzkou\u0161eli si tlak na brank\u00e1\u0159e V\u00e1penku <\/p>\n<p> <img decoding=\"async\" src=\"\/wordpress\/image\/sekretarky\/sledge\/ms korea\/fotorep\/maskoti\/DSC04121.JPG\"> <\/p>\n<p> Pot\u011b\u0161ili se s mana\u017eerem t\u00fdmu Vl\u00e1\u010fou Hamrlou<\/p>\n<p> <img decoding=\"async\" src=\"\/wordpress\/image\/sekretarky\/sledge\/ms korea\/fotorep\/maskoti\/DSC04120.JPG\"> <\/p>\n<p> Na prvn\u00ed pohled ply\u0161ov\u00ed kluci zapadli do party..<\/p>\n<p> <img decoding=\"async\" src=\"\/wordpress\/image\/sekretarky\/sledge\/ms korea\/fotorep\/maskoti\/DSC04128.JPG\"> <\/p>\n<p> ..a jist\u011b budou dob\u0159e reprezentovat <\/p>\n","protected":false},"excerpt":{"rendered":"<a href=\"https:\/\/www.caths.cz\/wordpress\/maskoti-na-ceste-do-koreji\/\"><img loading=\"lazy\" decoding=\"async\" width=\"100\" height=\"100\" src=\"https:\/\/www.caths.cz\/wordpress\/wp-content\/plugins\/thumbnail-for-excerpts\/tfe_no_thumb.png\" class=\"alignleft wp-post-image tfe\" alt=\"\" title=\"\" \/><\/a><p>Jak jsme V\u00e1s ned\u00e1vno informovali, \u010desk\u00fd t\u00fdm doprov\u00e1z\u00ed dva nov\u00e1\u010dci &#8211; maskoti t\u00fdmu &#8211; obl\u00edben\u00e9 postavi\u010dky animovan\u00e9ho seri\u00e1lu Pat a Mat.V\u011bt\u0161ina z n\u00e1s zn\u00e1 nesn\u00e1ze, kter\u00e9 tyto dva pan\u00e1\u010dky \u010dasto [&hellip;]<\/p>\n","protected":false},"author":1,"featured_media":0,"comment_status":"closed","ping_status":"closed","sticky":false,"template":"","format":"standard","meta":{"ngg_post_thumbnail":0,"footnotes":""},"categories":[1],"tags":[],"class_list":["post-2490","post","type-post","status-publish","format-standard","hentry","category-nezarazene"],"_links":{"self":[{"href":"https:\/\/www.caths.cz\/wordpress\/wp-json\/wp\/v2\/posts\/2490","targetHints":{"allow":["GET"]}}],"collection":[{"href":"https:\/\/www.caths.cz\/wordpress\/wp-json\/wp\/v2\/posts"}],"about":[{"href":"https:\/\/www.caths.cz\/wordpress\/wp-json\/wp\/v2\/types\/post"}],"author":[{"embeddable":true,"href":"https:\/\/www.caths.cz\/wordpress\/wp-json\/wp\/v2\/users\/1"}],"replies":[{"embeddable":true,"href":"https:\/\/www.caths.cz\/wordpress\/wp-json\/wp\/v2\/comments?post=2490"}],"version-history":[{"count":0,"href":"https:\/\/www.caths.cz\/wordpress\/wp-json\/wp\/v2\/posts\/2490\/revisions"}],"wp:attachment":[{"href":"https:\/\/www.caths.cz\/wordpress\/wp-json\/wp\/v2\/media?parent=2490"}],"wp:term":[{"taxonomy":"category","embeddable":true,"href":"https:\/\/www.caths.cz\/wordpress\/wp-json\/wp\/v2\/categories?post=2490"},{"taxonomy":"post_tag","embeddable":true,"href":"https:\/\/www.caths.cz\/wordpress\/wp-json\/wp\/v2\/tags?post=2490"}],"curies":[{"name":"wp","href":"https:\/\/api.w.org\/{rel}","templated":true}]}}