{"id":2489,"date":"2013-04-09T00:51:41","date_gmt":"2013-04-08T23:51:41","guid":{"rendered":"http:\/\/www.caths.cz\/wordpress\/?p=2489"},"modified":"2013-04-09T00:51:41","modified_gmt":"2013-04-08T23:51:41","slug":"kdo-nas-bude-reprezentovat-v-koreji","status":"publish","type":"post","link":"https:\/\/www.caths.cz\/wordpress\/kdo-nas-bude-reprezentovat-v-koreji\/","title":{"rendered":"Kdo n\u00e1s bude reprezentovat v Koreji?"},"content":{"rendered":"<p>V dne\u0161n\u00edm \u010dl\u00e1nku si p\u0159edstav\u00edme \u010desk\u00fd n\u00e1rodn\u00ed t\u00fdm sledge hokeje, kter\u00fd bude v n\u00e1sleduj\u00edc\u00edch dnech v Koreji bojovat o postup na zimn\u00ed paralympijsk\u00e9 hry v So\u010di.\u010cesk\u00fd t\u00fdm je ve sv\u011bt\u011b v mnoh\u00fdch ohledech raritou. Jeho slo\u017een\u00ed je v\u00edce ne\u017e \u010dty\u0159i roky a\u017e na v\u00fdjimky beze zm\u011bn, v\u011bkov\u00fd pr\u016fm\u011br hr\u00e1\u010d\u016f a m\u00edra handicapu pat\u0159\u00ed mezi nejvy\u0161\u0161\u00ed a na rozd\u00edl od v\u011bt\u0161iny ostatn\u00edch t\u00fdm\u016f ve skupin\u011b mistrovstv\u00ed sv\u011bta A je slo\u017een pouze z amat\u00e9rsk\u00fdch hr\u00e1\u010d\u016f. <\/p>\n<p> V Koreji bude \u010cR reprezentovat 14 hr\u00e1\u010d\u016f a servis jim bude zaji\u0161\u0165ovat realiza\u010dn\u00ed t\u00fdm slo\u017een\u00fd z osmi osob. Kapit\u00e1nem t\u00fdmu je \u00fato\u010dn\u00edk Zden\u011bk \u0160afr\u00e1nek, na postech asistent\u016f Pavel Kube\u0161 a Zden\u011bk H\u00e1bl.<\/p>\n<p> Brank\u00e1\u0159i :<br \/> Michal V\u00e1penka a Libor Hul\u00edn <br \/> Obr\u00e1nci:<br \/> Miroslav Hrbek, Ji\u0159\u00ed Berger, Tom\u00e1\u0161 Kvoch, Pavel Kube\u0161, Zden\u011bk Kl\u00edma<br \/> \u00dato\u010dn\u00edci :<br \/> Erik Fojt\u00edk, Michal Geier, Zden\u011bk H\u00e1bl, Zden\u011bk Krupi\u010dka, David Pal\u00e1t, Ji\u0159\u00ed Raul, Zden\u011bk \u0160afr\u00e1nek <\/p>\n<p> Realiza\u010dn\u00ed t\u00fdm: <br \/> Vladislav Hamrla &#8211; team mana\u017eer, Ji\u0159\u00ed B\u0159\u00edza &#8211; tren\u00e9r, Radim \u0160ojdr &#8211; fyzioterapeut, Miloslava \u0160vendov\u00e1 &#8211; fyzioterapeut, Petr Str\u00e1nsk\u00fd &#8211; kustod, Karel Jankovi\u010d &#8211; kustod, Milo\u0161 M\u00fcller, Martin Loukota &#8211; asistent, tlumo\u010dn\u00edk <\/p>\n<p> <img decoding=\"async\" src=\"\/wordpress\/image\/sekretarky\/sledge\/ms korea\/team_kolaz2.jpg\"><\/p>\n","protected":false},"excerpt":{"rendered":"<a href=\"https:\/\/www.caths.cz\/wordpress\/kdo-nas-bude-reprezentovat-v-koreji\/\"><img loading=\"lazy\" decoding=\"async\" width=\"100\" height=\"100\" src=\"https:\/\/www.caths.cz\/wordpress\/wp-content\/plugins\/thumbnail-for-excerpts\/tfe_no_thumb.png\" class=\"alignleft wp-post-image tfe\" alt=\"\" title=\"\" \/><\/a><p>V dne\u0161n\u00edm \u010dl\u00e1nku si p\u0159edstav\u00edme \u010desk\u00fd n\u00e1rodn\u00ed t\u00fdm sledge hokeje, kter\u00fd bude v n\u00e1sleduj\u00edc\u00edch dnech v Koreji bojovat o postup na zimn\u00ed paralympijsk\u00e9 hry v So\u010di.\u010cesk\u00fd t\u00fdm je ve sv\u011bt\u011b [&hellip;]<\/p>\n","protected":false},"author":1,"featured_media":0,"comment_status":"closed","ping_status":"closed","sticky":false,"template":"","format":"standard","meta":{"ngg_post_thumbnail":0,"footnotes":""},"categories":[1],"tags":[],"class_list":["post-2489","post","type-post","status-publish","format-standard","hentry","category-nezarazene"],"_links":{"self":[{"href":"https:\/\/www.caths.cz\/wordpress\/wp-json\/wp\/v2\/posts\/2489","targetHints":{"allow":["GET"]}}],"collection":[{"href":"https:\/\/www.caths.cz\/wordpress\/wp-json\/wp\/v2\/posts"}],"about":[{"href":"https:\/\/www.caths.cz\/wordpress\/wp-json\/wp\/v2\/types\/post"}],"author":[{"embeddable":true,"href":"https:\/\/www.caths.cz\/wordpress\/wp-json\/wp\/v2\/users\/1"}],"replies":[{"embeddable":true,"href":"https:\/\/www.caths.cz\/wordpress\/wp-json\/wp\/v2\/comments?post=2489"}],"version-history":[{"count":0,"href":"https:\/\/www.caths.cz\/wordpress\/wp-json\/wp\/v2\/posts\/2489\/revisions"}],"wp:attachment":[{"href":"https:\/\/www.caths.cz\/wordpress\/wp-json\/wp\/v2\/media?parent=2489"}],"wp:term":[{"taxonomy":"category","embeddable":true,"href":"https:\/\/www.caths.cz\/wordpress\/wp-json\/wp\/v2\/categories?post=2489"},{"taxonomy":"post_tag","embeddable":true,"href":"https:\/\/www.caths.cz\/wordpress\/wp-json\/wp\/v2\/tags?post=2489"}],"curies":[{"name":"wp","href":"https:\/\/api.w.org\/{rel}","templated":true}]}}