{"id":2488,"date":"2013-04-08T12:32:57","date_gmt":"2013-04-08T11:32:57","guid":{"rendered":"http:\/\/www.caths.cz\/wordpress\/?p=2488"},"modified":"2013-04-08T12:32:57","modified_gmt":"2013-04-08T11:32:57","slug":"sledge-hokejiste-odleteli-do-koreji","status":"publish","type":"post","link":"https:\/\/www.caths.cz\/wordpress\/sledge-hokejiste-odleteli-do-koreji\/","title":{"rendered":"Sledge hokejist\u00e9 odlet\u011bli do Koreji"},"content":{"rendered":"<p>V ned\u011bli odpoledne odlet\u011bla z ruzy\u0148sk\u00e9ho leti\u0161t\u011b prvn\u00ed skupina \u010desk\u00e9ho sledge hokejov\u00e9ho t\u00fdmu do d\u011bji\u0161t\u011b mistrovstv\u00ed sv\u011bta korejsk\u00e9ho Soulu.<br \/>\nP\u0159epravit po\u010detn\u00fd t\u00fdm sledge hokejist\u016f do tak vzd\u00e1len\u00e9 destinace nen\u00ed jednoduch\u00e9. N\u00e1rodn\u00ed t\u00fdm \u010cR se p\u0159epravuje do Koreji ve v\u00edce skupin\u00e1ch a jejich sm\u011brov\u00e1n\u00ed je pom\u011brn\u011b pestr\u00e9. Dv\u011b \u010d\u00e1sti t\u00fdmu let\u00ed p\u0159es Frankfurt a jedna p\u0159es Pa\u0159\u00ed\u017e. Zat\u00edmco prvn\u00ed skupina ji\u017e do Koreji dorazila, druh\u00e1 je na cest\u011b do Pa\u0159\u00ed\u017ee, t\u0159et\u00ed odlet\u00ed z Ruzyn\u011b v pond\u011bl\u00ed odpoledne. Nutno \u0159\u00edci, \u017ee hr\u00e1\u010di i realiza\u010dn\u00ed t\u00fdm se s t\u00edmto pon\u011bkud slo\u017eit\u00fdm cestov\u00e1n\u00edm brzy srovnali a hned za\u010dali vtipkovat, \u017ee do Koreji vlastn\u011b odl\u00e9taj\u00ed po jednotliv\u00fdch \u201ep\u011btk\u00e1ch\u201c, proto\u017ee spolu navz\u00e1jem nemluv\u00ed. Dle n\u00e1lady na leti\u0161ti je opak pravdou. <\/p>\n<p> <img decoding=\"async\" src=\"\/wordpress\/image\/sekretarky\/sledge\/ms korea\/fotorep\/sledge_ruzyne_001.jpg\"> <\/p>\n<p> Do Koreji odlet\u011bli i dva nov\u00ed \u010dlenov\u00e9 t\u00fdmu \u2013 maskoti Pat a Mat. Jak dopadlo jejich cestov\u00e1n\u00ed do Soulu, se snad brzy dozv\u00edme, u\u017e nyn\u00ed je ale jist\u00e9, \u017ee jejich velikost byla na palub\u011b letadla problematick\u00e1 a my jen douf\u00e1me, \u017ee nestr\u00e1vili cestu potupn\u011b v zavazadlov\u00e9m prostoru, ale nap\u0159. na kl\u00edn\u011b n\u011bkoho ze \u010dlen\u016f t\u00fdmu. <\/p>\n<p> Dal\u0161\u00ed podrobnosti se brzy dozv\u00edte\u2026 \ud83d\ude42<\/p>\n<p> <img decoding=\"async\" src=\"\/wordpress\/image\/sekretarky\/sledge\/ms korea\/fotorep\/sledge_ruzyne_002.jpg\"> <\/p>\n<p> <img decoding=\"async\" src=\"\/wordpress\/image\/sekretarky\/sledge\/ms korea\/fotorep\/sledge_ruzyne_003.jpg\"> <\/p>\n<p> <img decoding=\"async\" src=\"\/wordpress\/image\/sekretarky\/sledge\/ms korea\/fotorep\/sledge_ruzyne_004.jpg\"> <\/p>\n","protected":false},"excerpt":{"rendered":"<a href=\"https:\/\/www.caths.cz\/wordpress\/sledge-hokejiste-odleteli-do-koreji\/\"><img loading=\"lazy\" decoding=\"async\" width=\"100\" height=\"100\" src=\"https:\/\/www.caths.cz\/wordpress\/wp-content\/plugins\/thumbnail-for-excerpts\/tfe_no_thumb.png\" class=\"alignleft wp-post-image tfe\" alt=\"\" title=\"\" \/><\/a><p>V ned\u011bli odpoledne odlet\u011bla z ruzy\u0148sk\u00e9ho leti\u0161t\u011b prvn\u00ed skupina \u010desk\u00e9ho sledge hokejov\u00e9ho t\u00fdmu do d\u011bji\u0161t\u011b mistrovstv\u00ed sv\u011bta korejsk\u00e9ho Soulu. P\u0159epravit po\u010detn\u00fd t\u00fdm sledge hokejist\u016f do tak vzd\u00e1len\u00e9 destinace nen\u00ed jednoduch\u00e9. [&hellip;]<\/p>\n","protected":false},"author":1,"featured_media":0,"comment_status":"closed","ping_status":"closed","sticky":false,"template":"","format":"standard","meta":{"ngg_post_thumbnail":0,"footnotes":""},"categories":[1],"tags":[],"class_list":["post-2488","post","type-post","status-publish","format-standard","hentry","category-nezarazene"],"_links":{"self":[{"href":"https:\/\/www.caths.cz\/wordpress\/wp-json\/wp\/v2\/posts\/2488","targetHints":{"allow":["GET"]}}],"collection":[{"href":"https:\/\/www.caths.cz\/wordpress\/wp-json\/wp\/v2\/posts"}],"about":[{"href":"https:\/\/www.caths.cz\/wordpress\/wp-json\/wp\/v2\/types\/post"}],"author":[{"embeddable":true,"href":"https:\/\/www.caths.cz\/wordpress\/wp-json\/wp\/v2\/users\/1"}],"replies":[{"embeddable":true,"href":"https:\/\/www.caths.cz\/wordpress\/wp-json\/wp\/v2\/comments?post=2488"}],"version-history":[{"count":0,"href":"https:\/\/www.caths.cz\/wordpress\/wp-json\/wp\/v2\/posts\/2488\/revisions"}],"wp:attachment":[{"href":"https:\/\/www.caths.cz\/wordpress\/wp-json\/wp\/v2\/media?parent=2488"}],"wp:term":[{"taxonomy":"category","embeddable":true,"href":"https:\/\/www.caths.cz\/wordpress\/wp-json\/wp\/v2\/categories?post=2488"},{"taxonomy":"post_tag","embeddable":true,"href":"https:\/\/www.caths.cz\/wordpress\/wp-json\/wp\/v2\/tags?post=2488"}],"curies":[{"name":"wp","href":"https:\/\/api.w.org\/{rel}","templated":true}]}}