{"id":2486,"date":"2013-04-05T00:42:49","date_gmt":"2013-04-04T23:42:49","guid":{"rendered":"http:\/\/www.caths.cz\/wordpress\/?p=2486"},"modified":"2013-04-05T00:42:49","modified_gmt":"2013-04-04T23:42:49","slug":"reprezentacni-tym-mtb-na-startu-jarni-klasiky-spolecne-s-jirkou-jezkem","status":"publish","type":"post","link":"https:\/\/www.caths.cz\/wordpress\/reprezentacni-tym-mtb-na-startu-jarni-klasiky-spolecne-s-jirkou-jezkem\/","title":{"rendered":"Reprezenta\u010dn\u00ed t\u00fdm MTB na startu jarn\u00ed klasiky spole\u010dn\u011b s Jirkou Je\u017ekem"},"content":{"rendered":"<p>T\u00fdm tvo\u0159\u00ed osobnosti sou\u010dasn\u00e9 sv\u011btov\u00e9 cyklistiky \u2013 olympijsk\u00fd \u0161ampion Jaroslav Kulhav\u00fd, paralympijsk\u00fd v\u00edt\u011bz Ji\u0159\u00ed Je\u017eek, mistr sv\u011bta U23 Ond\u0159ej Cink, p\u00e1t\u00fd mu\u017e sv\u011bta z maratonu v Ornans Ji\u0159\u00ed Nov\u00e1k a benjam\u00ednkem t\u00fdmu bude nejmlad\u0161\u00ed \u010dlen tr\u00e9ninkov\u00e9 skupiny Viktora Zapletala, trojn\u00e1sobn\u00fd juniorsk\u00fd mistr sv\u011bta MTBO &#8211; Kry\u0161tof Bog\u00e1r. <\/p>\n<p> Nen\u00ed to poprv\u00e9, co \u010dlenov\u00e9 n\u00e1rodn\u00edho MTB t\u00fdmu pojedou silni\u010dn\u00ed z\u00e1vod spole\u010dn\u011b s paralympijsk\u00fdm \u0161ampionem a historicky nej\u00fasp\u011b\u0161n\u011bj\u0161\u00edm handicapovan\u00fdm cyklistou sv\u011bta Jirkou Je\u017ekem. U\u017e v minul\u00e9m roce spole\u010dn\u011b absolvovali nejenom z\u00e1vod Brno \u2013 Velk\u00e1 B\u00edte\u0161 &#8211; Brno, ale i etapov\u00fd z\u00e1vod Vyso\u010dina Tour jako p\u0159\u00edpravu na zlat\u00fd Lond\u00fdn a nejinak tomu bude i v leto\u0161n\u00edm roce. <\/p>\n<p> <img decoding=\"async\" src=\"\/wordpress\/image\/sekretarky\/cyklistika\/ecp2012sobota_1174.JPG\"> <\/p>\n<p> Ur\u010dit\u00fd otazn\u00edk st\u00e1le vis\u00ed nad startem Jaroslava Kulhav\u00e9ho, kter\u00fd se zotavuje z nep\u0159\u00edjemn\u00e9ho zran\u011bn\u00ed v posledn\u00ed etap\u011b Cape Epic a pl\u00e1novan\u00e9ho stomatochirurgick\u00e9ho z\u00e1kroku, kdy mu byly odoperov\u00e1ny hned t\u0159i osmi\u010dky. Nicm\u00e9n\u011b J\u00e1ra je od \u00fater\u00fd op\u011bt v tr\u00e9ninku a pokud se neobjev\u00ed b\u011bhem \u010dtvrtka a p\u00e1tku p\u0159i tr\u00e9ninku \u017e\u00e1dn\u00e9 komplikace, postav\u00ed se na start sobotn\u00edho z\u00e1vodu v Brn\u011b. <\/p>\n","protected":false},"excerpt":{"rendered":"<a href=\"https:\/\/www.caths.cz\/wordpress\/reprezentacni-tym-mtb-na-startu-jarni-klasiky-spolecne-s-jirkou-jezkem\/\"><img loading=\"lazy\" decoding=\"async\" width=\"100\" height=\"100\" src=\"https:\/\/www.caths.cz\/wordpress\/wp-content\/plugins\/thumbnail-for-excerpts\/tfe_no_thumb.png\" class=\"alignleft wp-post-image tfe\" alt=\"\" title=\"\" \/><\/a><p>T\u00fdm tvo\u0159\u00ed osobnosti sou\u010dasn\u00e9 sv\u011btov\u00e9 cyklistiky \u2013 olympijsk\u00fd \u0161ampion Jaroslav Kulhav\u00fd, paralympijsk\u00fd v\u00edt\u011bz Ji\u0159\u00ed Je\u017eek, mistr sv\u011bta U23 Ond\u0159ej Cink, p\u00e1t\u00fd mu\u017e sv\u011bta z maratonu v Ornans Ji\u0159\u00ed Nov\u00e1k a [&hellip;]<\/p>\n","protected":false},"author":1,"featured_media":0,"comment_status":"closed","ping_status":"closed","sticky":false,"template":"","format":"standard","meta":{"ngg_post_thumbnail":0,"footnotes":""},"categories":[2],"tags":[],"class_list":["post-2486","post","type-post","status-publish","format-standard","hentry","category-cyklistika"],"_links":{"self":[{"href":"https:\/\/www.caths.cz\/wordpress\/wp-json\/wp\/v2\/posts\/2486","targetHints":{"allow":["GET"]}}],"collection":[{"href":"https:\/\/www.caths.cz\/wordpress\/wp-json\/wp\/v2\/posts"}],"about":[{"href":"https:\/\/www.caths.cz\/wordpress\/wp-json\/wp\/v2\/types\/post"}],"author":[{"embeddable":true,"href":"https:\/\/www.caths.cz\/wordpress\/wp-json\/wp\/v2\/users\/1"}],"replies":[{"embeddable":true,"href":"https:\/\/www.caths.cz\/wordpress\/wp-json\/wp\/v2\/comments?post=2486"}],"version-history":[{"count":0,"href":"https:\/\/www.caths.cz\/wordpress\/wp-json\/wp\/v2\/posts\/2486\/revisions"}],"wp:attachment":[{"href":"https:\/\/www.caths.cz\/wordpress\/wp-json\/wp\/v2\/media?parent=2486"}],"wp:term":[{"taxonomy":"category","embeddable":true,"href":"https:\/\/www.caths.cz\/wordpress\/wp-json\/wp\/v2\/categories?post=2486"},{"taxonomy":"post_tag","embeddable":true,"href":"https:\/\/www.caths.cz\/wordpress\/wp-json\/wp\/v2\/tags?post=2486"}],"curies":[{"name":"wp","href":"https:\/\/api.w.org\/{rel}","templated":true}]}}