{"id":2485,"date":"2013-04-04T07:40:03","date_gmt":"2013-04-04T06:40:03","guid":{"rendered":"http:\/\/www.caths.cz\/wordpress\/?p=2485"},"modified":"2013-04-04T07:40:03","modified_gmt":"2013-04-04T06:40:03","slug":"svetovy-pohar-cyklistu-se-rozsiril-na-tri-podniky","status":"publish","type":"post","link":"https:\/\/www.caths.cz\/wordpress\/svetovy-pohar-cyklistu-se-rozsiril-na-tri-podniky\/","title":{"rendered":"Sv\u011btov\u00fd poh\u00e1r cyklist\u016f se roz\u0161\u00ed\u0159il na t\u0159i podniky"},"content":{"rendered":"<p>Rok 2013 vypad\u00e1 z pohledu sv\u011btov\u00e9 paracyklistiky v\u00edce ne\u017e diskutabiln\u011b. Po\u0159adatel\u00e9 mnoha z\u00e1vod\u016f hl\u00e1s\u00ed ekonomick\u00e9 pot\u00ed\u017ee a tak je \u0159ada z\u00e1vod\u016f ru\u0161ena. Zat\u00edm neofici\u00e1ln\u011b se toto t\u00fdk\u00e1 i tradi\u010dn\u00edho a atraktivn\u00edho z\u00e1vodu Evropsk\u00e9ho poh\u00e1ru v italsk\u00e9 Piacenze&#8230;<img decoding=\"async\" src=\"\/wordpress\/image\/sekretarky\/cyklistika\/SP.jpg\"> <\/p>\n<p> T\u00edm v\u00edce je pot\u011b\u0161iteln\u00e9, \u017ee na posledn\u00ed chv\u00edli se kalend\u00e1\u0159 silni\u010dn\u00edch cyklistick\u00fdch z\u00e1vod\u016f roz\u0161\u00ed\u0159il o dal\u0161\u00edho po\u0159adatele Sv\u011btov\u00e9ho poh\u00e1ru, kter\u00fd se uskute\u010dn\u00ed v sam\u00e9m centru italsk\u00fdch Dolomit v l\u00e1ze\u0148sk\u00e9m m\u011bste\u010dku Merano v term\u00ednu 7. \u2013 9. \u010dervna. Ihned pot\u00e9 se cyklistick\u00fd peloton p\u0159est\u011bhuje do \u0161pan\u011blsk\u00e9 Segovie a fin\u00e1lov\u00fd z\u00e1vod Sv\u011btov\u00e9ho poh\u00e1ru se pojede t\u00fdden p\u0159ed mistrovstv\u00edm sv\u011bta v kanadsk\u00e9m m\u011bst\u011b Matane. <\/p>\n<p> Podle dostupn\u00fdch informac\u00ed je v\u00e1\u017en\u00fdm kandid\u00e1tem po\u0159adatelstv\u00ed vrcholn\u00e9 cyklistick\u00e9 sout\u011b\u017ee \u2013 Sv\u011btov\u00e9ho poh\u00e1ru, pro p\u0159\u00ed\u0161t\u00ed roky i Praha, d\u00edky vysoce hodnocen\u00e9mu z\u00e1vodu Evropsk\u00e9ho poh\u00e1ru, kter\u00fd na Strahov\u011b po\u0159\u00e1d\u00e1 SK cyklist\u016f Praha Nutrend Specialized ve spolupr\u00e1ci s \u010cATHS. <\/p>\n<p> <em>\u201eAno, mohu potvrdit z\u00e1jem UCI o Pra\u017esk\u00fd z\u00e1vod, zat\u00edm ale nejsme rozhodnut\u00ed, zda kandidaturu na fin\u00e1lov\u00fd z\u00e1vod Sv\u011btov\u00e9ho poh\u00e1ru v roce 2014 \u010di 2015 pod\u00e1me, \u010di ne. V t\u00e9 v\u011bci prob\u00edh\u00e1 cel\u00e1 \u0159ada jedn\u00e1n\u00ed, hodn\u011b napov\u00ed i leto\u0161n\u00ed podnik Evropsk\u00e9ho poh\u00e1ru, kter\u00fd chceme na Strahov\u011b uspo\u0159\u00e1dat ve sv\u011btov\u00e9m standardu. Ka\u017edop\u00e1dn\u011b je na\u0161\u00edm snem, kter\u00fdm se nijak netaj\u00edme a kter\u00fd chceme v dohledn\u00e9 dob\u011b uskute\u010dnit, dostat do Prahy sv\u011btovou paracyklistiku, zvl\u00e1\u0161t\u011b v situaci, kdy se m\u016f\u017eeme py\u0161nit osobnostmi jak\u00fdmi jsou Jirka Je\u017eek nebo Tereza Diepoldov\u00e1.\u201c<\/em> \u0159\u00edk\u00e1 k zaj\u00edmav\u00e9mu t\u00e9matu Viktor Zapletal, \u0161\u00e9f sekce cyklistiky \u010cATHS a po\u0159adatelsk\u00e9ho klubu SK cyklist\u016f Praha Nutrend Specialized.<\/p>\n","protected":false},"excerpt":{"rendered":"<a href=\"https:\/\/www.caths.cz\/wordpress\/svetovy-pohar-cyklistu-se-rozsiril-na-tri-podniky\/\"><img loading=\"lazy\" decoding=\"async\" width=\"100\" height=\"100\" src=\"https:\/\/www.caths.cz\/wordpress\/wp-content\/plugins\/thumbnail-for-excerpts\/tfe_no_thumb.png\" class=\"alignleft wp-post-image tfe\" alt=\"\" title=\"\" \/><\/a><p>Rok 2013 vypad\u00e1 z pohledu sv\u011btov\u00e9 paracyklistiky v\u00edce ne\u017e diskutabiln\u011b. Po\u0159adatel\u00e9 mnoha z\u00e1vod\u016f hl\u00e1s\u00ed ekonomick\u00e9 pot\u00ed\u017ee a tak je \u0159ada z\u00e1vod\u016f ru\u0161ena. Zat\u00edm neofici\u00e1ln\u011b se toto t\u00fdk\u00e1 i tradi\u010dn\u00edho a [&hellip;]<\/p>\n","protected":false},"author":1,"featured_media":0,"comment_status":"closed","ping_status":"closed","sticky":false,"template":"","format":"standard","meta":{"ngg_post_thumbnail":0,"footnotes":""},"categories":[2],"tags":[],"class_list":["post-2485","post","type-post","status-publish","format-standard","hentry","category-cyklistika"],"_links":{"self":[{"href":"https:\/\/www.caths.cz\/wordpress\/wp-json\/wp\/v2\/posts\/2485","targetHints":{"allow":["GET"]}}],"collection":[{"href":"https:\/\/www.caths.cz\/wordpress\/wp-json\/wp\/v2\/posts"}],"about":[{"href":"https:\/\/www.caths.cz\/wordpress\/wp-json\/wp\/v2\/types\/post"}],"author":[{"embeddable":true,"href":"https:\/\/www.caths.cz\/wordpress\/wp-json\/wp\/v2\/users\/1"}],"replies":[{"embeddable":true,"href":"https:\/\/www.caths.cz\/wordpress\/wp-json\/wp\/v2\/comments?post=2485"}],"version-history":[{"count":0,"href":"https:\/\/www.caths.cz\/wordpress\/wp-json\/wp\/v2\/posts\/2485\/revisions"}],"wp:attachment":[{"href":"https:\/\/www.caths.cz\/wordpress\/wp-json\/wp\/v2\/media?parent=2485"}],"wp:term":[{"taxonomy":"category","embeddable":true,"href":"https:\/\/www.caths.cz\/wordpress\/wp-json\/wp\/v2\/categories?post=2485"},{"taxonomy":"post_tag","embeddable":true,"href":"https:\/\/www.caths.cz\/wordpress\/wp-json\/wp\/v2\/tags?post=2485"}],"curies":[{"name":"wp","href":"https:\/\/api.w.org\/{rel}","templated":true}]}}