{"id":2484,"date":"2013-04-03T13:02:57","date_gmt":"2013-04-03T12:02:57","guid":{"rendered":"http:\/\/www.caths.cz\/wordpress\/?p=2484"},"modified":"2013-04-03T13:02:57","modified_gmt":"2013-04-03T12:02:57","slug":"pozvanka-na-soustredeni-v-atletice","status":"publish","type":"post","link":"https:\/\/www.caths.cz\/wordpress\/pozvanka-na-soustredeni-v-atletice\/","title":{"rendered":"Pozv\u00e1nka na soust\u0159ed\u011bn\u00ed v atletice"},"content":{"rendered":"<p>V tuto chv\u00edli je p\u0159ihl\u00e1\u0161eno ji\u017e 6 nov\u00e1\u010dk\u016f, kte\u0159\u00ed maj\u00ed z\u00e1jem o to, vyzkou\u0161et si n\u011bkter\u00e9 z vrha\u010dsk\u00fdch disciplin. Realiza\u010dn\u00ed t\u00fdm atletiky douf\u00e1, \u017ee by se mohl naj\u00edt zase dal\u0161\u00ed talent, kter\u00fd by \u0161el ve \u0161l\u00e9p\u011bj\u00edch \u00fap\u011bch\u016f \u010desk\u00fdch atlet\u016f. <\/p>\n<p> Pozv\u00e1nku na soust\u0159ed\u011bn\u00ed naleznete <a href=\"http:\/\/www.caths.cz\/image\/sekretarky\/nymburk.pdf\" target=\"_blank\"> zde<\/a> <\/p>\n<p> <img decoding=\"async\" src=\"\/wordpress\/image\/sekretarky\/atletika\/\/nymburk.jpg\"><\/p>\n","protected":false},"excerpt":{"rendered":"<a href=\"https:\/\/www.caths.cz\/wordpress\/pozvanka-na-soustredeni-v-atletice\/\"><img loading=\"lazy\" decoding=\"async\" width=\"100\" height=\"100\" src=\"https:\/\/www.caths.cz\/wordpress\/wp-content\/plugins\/thumbnail-for-excerpts\/tfe_no_thumb.png\" class=\"alignleft wp-post-image tfe\" alt=\"\" title=\"\" \/><\/a><p>V tuto chv\u00edli je p\u0159ihl\u00e1\u0161eno ji\u017e 6 nov\u00e1\u010dk\u016f, kte\u0159\u00ed maj\u00ed z\u00e1jem o to, vyzkou\u0161et si n\u011bkter\u00e9 z vrha\u010dsk\u00fdch disciplin. Realiza\u010dn\u00ed t\u00fdm atletiky douf\u00e1, \u017ee by se mohl naj\u00edt zase dal\u0161\u00ed [&hellip;]<\/p>\n","protected":false},"author":1,"featured_media":0,"comment_status":"closed","ping_status":"closed","sticky":false,"template":"","format":"standard","meta":{"ngg_post_thumbnail":0,"footnotes":""},"categories":[5],"tags":[],"class_list":["post-2484","post","type-post","status-publish","format-standard","hentry","category-atletika"],"_links":{"self":[{"href":"https:\/\/www.caths.cz\/wordpress\/wp-json\/wp\/v2\/posts\/2484","targetHints":{"allow":["GET"]}}],"collection":[{"href":"https:\/\/www.caths.cz\/wordpress\/wp-json\/wp\/v2\/posts"}],"about":[{"href":"https:\/\/www.caths.cz\/wordpress\/wp-json\/wp\/v2\/types\/post"}],"author":[{"embeddable":true,"href":"https:\/\/www.caths.cz\/wordpress\/wp-json\/wp\/v2\/users\/1"}],"replies":[{"embeddable":true,"href":"https:\/\/www.caths.cz\/wordpress\/wp-json\/wp\/v2\/comments?post=2484"}],"version-history":[{"count":0,"href":"https:\/\/www.caths.cz\/wordpress\/wp-json\/wp\/v2\/posts\/2484\/revisions"}],"wp:attachment":[{"href":"https:\/\/www.caths.cz\/wordpress\/wp-json\/wp\/v2\/media?parent=2484"}],"wp:term":[{"taxonomy":"category","embeddable":true,"href":"https:\/\/www.caths.cz\/wordpress\/wp-json\/wp\/v2\/categories?post=2484"},{"taxonomy":"post_tag","embeddable":true,"href":"https:\/\/www.caths.cz\/wordpress\/wp-json\/wp\/v2\/tags?post=2484"}],"curies":[{"name":"wp","href":"https:\/\/api.w.org\/{rel}","templated":true}]}}