{"id":2483,"date":"2013-04-06T22:02:23","date_gmt":"2013-04-06T21:02:23","guid":{"rendered":"http:\/\/www.caths.cz\/wordpress\/?p=2483"},"modified":"2013-04-06T22:02:23","modified_gmt":"2013-04-06T21:02:23","slug":"jirka-jezek-si-v-uvodnim-zavode-ceskeho-poharu-kategorie-elite-ziskal-respekt-silnicniho-profipelotonu","status":"publish","type":"post","link":"https:\/\/www.caths.cz\/wordpress\/jirka-jezek-si-v-uvodnim-zavode-ceskeho-poharu-kategorie-elite-ziskal-respekt-silnicniho-profipelotonu\/","title":{"rendered":"Jirka Je\u017eek si v \u00favodn\u00edm z\u00e1vod\u011b \u010cesk\u00e9ho poh\u00e1ru kategorie ELITE z\u00edskal respekt silni\u010dn\u00edho profipelotonu"},"content":{"rendered":"<p>Ve vynikaj\u00edc\u00ed z\u00e1vodn\u00ed pohod\u011b a mimo\u0159\u00e1dn\u00e9 kondici vstoupil Ji\u0159\u00ed Je\u017eek do \u00favodn\u00edho z\u00e1vodu sez\u00f3ny 2013.<br \/>\n<img decoding=\"async\" src=\"\/wordpress\/image\/sekretarky\/cyklistika\/bites1.jpg\"> <\/p>\n<p> V Brn\u011b se z\u00fa\u010dastnil z\u00e1vodu \u010cesk\u00e9ho poh\u00e1ru 2013, jarn\u00ed klasiky Brno \u2013 Velk\u00e1 B\u00edte\u0161 \u2013 Brno. Z\u00e1vod v chladn\u00e9m po\u010das\u00ed v zasn\u011b\u017een\u00e9m okol\u00ed Brna se vyv\u00edjel podle tradi\u010dn\u00edho sc\u00e9n\u00e1\u0159e n\u00e1rodn\u00edho poh\u00e1ru, kdy\u017e se kr\u00e1tce po startu odpoutala od pelotonu \u010dty\u0159\u010dlenn\u00e1 skupina jezdc\u016f ve kter\u00e9 m\u011bly zastoupen\u00ed nejsiln\u011bj\u0161\u00ed profi t\u00fdmy na\u0161\u00ed zem\u011b spolu s reprezentantem Litvy. Tato skupinka si vybudovala a\u017e p\u011btiminutov\u00fd n\u00e1skok a necel\u00fdch \u010dty\u0159icet kilometr\u016f p\u0159ed c\u00edlem to vypadalo, \u017ee z\u00e1vod je pro ostatn\u00ed jezdce u konce. <\/p>\n<p> Nicm\u00e9n\u011b, pak se usadili na \u010dele pelotonu t\u0159i jezdci z t\u00fdmu \u201eReprezentace MTB + Jirka Je\u017eek\u201c mezi kter\u00fdmi byl pr\u00e1v\u011b paralympijsk\u00fd \u0161ampion Jirka Je\u017eek, olympijsk\u00fd \u0161ampion Jaroslav Kulhav\u00fd a mistr sv\u011bta kategorie U23 Ond\u0159ej Cink, kte\u0159\u00ed u\u010debnicovou spoluprac\u00ed zrychlili natolik, \u017ee b\u011bhem dvaceti kilometr\u016f dok\u00e1zali n\u00e1skok uprchl\u00edk\u016f zlikvidovat. <\/p>\n<p> V z\u00e1v\u011bre\u010dn\u00e9m spurtu na vrcholu kopce Kohoutovice obsadil Jirka Je\u017eek celkov\u00e9 12. m\u00edsto a z\u00edskal mimo\u0159\u00e1dn\u00fd respekt ostatn\u00edch jezdc\u016f, div\u00e1k\u016f i sportovn\u00edch odborn\u00edk\u016f za skute\u010dn\u011b obdivuhodn\u00fd v\u00fdkon, kter\u00fd dokonale vypov\u00edd\u00e1 o kvalit\u00e1ch nej\u00fasp\u011b\u0161n\u011bj\u0161\u00edho handicapovan\u00e9ho cyklisty sv\u011bta. <\/p>\n<p> <img decoding=\"async\" src=\"\/wordpress\/image\/sekretarky\/cyklistika\/bites.jpg\"> <\/p>\n<p> Foto:Michal \u010cerven\u00fd, www.mtbs.cz<\/p>\n","protected":false},"excerpt":{"rendered":"<a href=\"https:\/\/www.caths.cz\/wordpress\/jirka-jezek-si-v-uvodnim-zavode-ceskeho-poharu-kategorie-elite-ziskal-respekt-silnicniho-profipelotonu\/\"><img loading=\"lazy\" decoding=\"async\" width=\"100\" height=\"100\" src=\"https:\/\/www.caths.cz\/wordpress\/wp-content\/plugins\/thumbnail-for-excerpts\/tfe_no_thumb.png\" class=\"alignleft wp-post-image tfe\" alt=\"\" title=\"\" \/><\/a><p>Ve vynikaj\u00edc\u00ed z\u00e1vodn\u00ed pohod\u011b a mimo\u0159\u00e1dn\u00e9 kondici vstoupil Ji\u0159\u00ed Je\u017eek do \u00favodn\u00edho z\u00e1vodu sez\u00f3ny 2013. V Brn\u011b se z\u00fa\u010dastnil z\u00e1vodu \u010cesk\u00e9ho poh\u00e1ru 2013, jarn\u00ed klasiky Brno \u2013 Velk\u00e1 B\u00edte\u0161 \u2013 [&hellip;]<\/p>\n","protected":false},"author":1,"featured_media":0,"comment_status":"closed","ping_status":"closed","sticky":false,"template":"","format":"standard","meta":{"ngg_post_thumbnail":0,"footnotes":""},"categories":[2],"tags":[],"class_list":["post-2483","post","type-post","status-publish","format-standard","hentry","category-cyklistika"],"_links":{"self":[{"href":"https:\/\/www.caths.cz\/wordpress\/wp-json\/wp\/v2\/posts\/2483","targetHints":{"allow":["GET"]}}],"collection":[{"href":"https:\/\/www.caths.cz\/wordpress\/wp-json\/wp\/v2\/posts"}],"about":[{"href":"https:\/\/www.caths.cz\/wordpress\/wp-json\/wp\/v2\/types\/post"}],"author":[{"embeddable":true,"href":"https:\/\/www.caths.cz\/wordpress\/wp-json\/wp\/v2\/users\/1"}],"replies":[{"embeddable":true,"href":"https:\/\/www.caths.cz\/wordpress\/wp-json\/wp\/v2\/comments?post=2483"}],"version-history":[{"count":0,"href":"https:\/\/www.caths.cz\/wordpress\/wp-json\/wp\/v2\/posts\/2483\/revisions"}],"wp:attachment":[{"href":"https:\/\/www.caths.cz\/wordpress\/wp-json\/wp\/v2\/media?parent=2483"}],"wp:term":[{"taxonomy":"category","embeddable":true,"href":"https:\/\/www.caths.cz\/wordpress\/wp-json\/wp\/v2\/categories?post=2483"},{"taxonomy":"post_tag","embeddable":true,"href":"https:\/\/www.caths.cz\/wordpress\/wp-json\/wp\/v2\/tags?post=2483"}],"curies":[{"name":"wp","href":"https:\/\/api.w.org\/{rel}","templated":true}]}}