{"id":2482,"date":"2013-04-02T00:08:12","date_gmt":"2013-04-01T23:08:12","guid":{"rendered":"http:\/\/www.caths.cz\/wordpress\/?p=2482"},"modified":"2013-04-02T00:08:12","modified_gmt":"2013-04-01T23:08:12","slug":"nasi-sledge-hokejiste-se-v-benesove-pripravuji-na-boje-v-koreji","status":"publish","type":"post","link":"https:\/\/www.caths.cz\/wordpress\/nasi-sledge-hokejiste-se-v-benesove-pripravuji-na-boje-v-koreji\/","title":{"rendered":"Na\u0161i sledge hokejist\u00e9 se v Bene\u0161ov\u011b p\u0159ipravuj\u00ed na boje v Koreji&#8230;"},"content":{"rendered":"<p>Kr\u00e1tce p\u0159ed odletem na velmi d\u016fle\u017eit\u00e9 mistrovstv\u00ed sv\u011bta je n\u00e1\u0161 sledge hokejov\u00fd t\u00fdm.<br \/>\nA v\u00fdznamu akce odpov\u00edd\u00e1 i tvrd\u00e1, ka\u017edodenn\u00ed p\u0159\u00edprava na\u0161ich hokejist\u016f. N\u00e1rodn\u00ed t\u00fdm se pod veden\u00edm tren\u00e9ra Ji\u0159\u00edho B\u0159\u00edzy v uplynul\u00fdch dnech p\u0159ipravoval v Bene\u0161ov\u011b u Prahy.<br \/>\nSoust\u0159ed\u011bn\u00ed je patrn\u00e9 na ka\u017ed\u00e9m kroku, nen\u00ed divu, pouze um\u00edst\u011bn\u00ed do p\u00e1t\u00e9ho m\u00edsta zaru\u010duje na\u0161im sledge hokejist\u016fm p\u0159\u00edm\u00fd postup na zimn\u00ed paralympijsk\u00e9 hry v So\u010di 2014.<br \/>\n<img decoding=\"async\" src=\"\/wordpress\/image\/sekretarky\/sledge\/ms korea\/soustredeni\/2013-03-29 12.13.27.jpg\"> <\/p>\n<p> Ov\u0161em samotn\u00fdm tr\u00e9ninkem p\u0159\u00edprava na \u0161ampion\u00e1t ani zdaleka nekon\u010d\u00ed. V pln\u00e9 pohotovosti je tak\u00e9 sekretari\u00e1t \u010cATHS, konkr\u00e9tn\u011b mana\u017eerka st\u00e1tn\u00ed reprezentace Jarka Krakovi\u010dov\u00e1, kter\u00e1 zaji\u0161\u0165uje v\u00fdprav\u011b celou logistiku p\u0159esunu do Koreji. Vzhledem ke slo\u017eit\u00e9 doprav\u011b s \u0159adou p\u0159estup\u016f n\u00e1\u0161 t\u00fdm odcestuje v n\u011bkolika skupink\u00e1ch a do Koreji se doprav\u00ed p\u0159es r\u016fzn\u00e1 leti\u0161t\u011b Evropy &#8211; Pa\u0159\u00ed\u017e, Frankfurt, Moskva.<br \/> Velk\u00fdm probl\u00e9mem p\u0159epravy je samoz\u0159ejm\u011b hokejov\u00e1 v\u00fdstroj. Celkem na\u0161i sledge hokejist\u00e9 mus\u00ed dopravit do m\u00edsta \u0161ampion\u00e1tu 750 kg v\u00fdstroje. <\/p>\n<p> \u0160ampion\u00e1t za\u010d\u00edn\u00e1 12.dubna, na\u0161i reprezentanti vstoup\u00ed do turnaje 13.4. z\u00e1pasem se \u0160v\u00e9dskem. <\/p>\n<p> A pro \u010dten\u00e1\u0159e www.caths.cz m\u00e1me jedno velmi d\u016fle\u017eit\u00e9 p\u0159ekvapen\u00ed, redakce www.caths.cz bude m\u00edt v d\u011bji\u0161ti mistrovstv\u00ed &#8211; Goyangu sv\u00e9ho zpravodaje a vy se u\u017e nyn\u00ed m\u016f\u017eete t\u011b\u0161it na ka\u017edodenn\u00ed fotografie, zaj\u00edmavosti a report\u00e1\u017ee ze \u0161ampion\u00e1tu. <\/p>\n<p> Zpravodajstv\u00ed ze sledge hokejov\u00e9ho \u0161ampion\u00e1tu na www.caths.cz pr\u00e1v\u011b za\u010d\u00edn\u00e1, sledujte n\u00e1\u0161 web! <\/p>\n","protected":false},"excerpt":{"rendered":"<a href=\"https:\/\/www.caths.cz\/wordpress\/nasi-sledge-hokejiste-se-v-benesove-pripravuji-na-boje-v-koreji\/\"><img loading=\"lazy\" decoding=\"async\" width=\"100\" height=\"100\" src=\"https:\/\/www.caths.cz\/wordpress\/wp-content\/plugins\/thumbnail-for-excerpts\/tfe_no_thumb.png\" class=\"alignleft wp-post-image tfe\" alt=\"\" title=\"\" \/><\/a><p>Kr\u00e1tce p\u0159ed odletem na velmi d\u016fle\u017eit\u00e9 mistrovstv\u00ed sv\u011bta je n\u00e1\u0161 sledge hokejov\u00fd t\u00fdm. A v\u00fdznamu akce odpov\u00edd\u00e1 i tvrd\u00e1, ka\u017edodenn\u00ed p\u0159\u00edprava na\u0161ich hokejist\u016f. N\u00e1rodn\u00ed t\u00fdm se pod veden\u00edm tren\u00e9ra Ji\u0159\u00edho [&hellip;]<\/p>\n","protected":false},"author":1,"featured_media":0,"comment_status":"closed","ping_status":"closed","sticky":false,"template":"","format":"standard","meta":{"ngg_post_thumbnail":0,"footnotes":""},"categories":[17],"tags":[],"class_list":["post-2482","post","type-post","status-publish","format-standard","hentry","category-sledge-hokej"],"_links":{"self":[{"href":"https:\/\/www.caths.cz\/wordpress\/wp-json\/wp\/v2\/posts\/2482","targetHints":{"allow":["GET"]}}],"collection":[{"href":"https:\/\/www.caths.cz\/wordpress\/wp-json\/wp\/v2\/posts"}],"about":[{"href":"https:\/\/www.caths.cz\/wordpress\/wp-json\/wp\/v2\/types\/post"}],"author":[{"embeddable":true,"href":"https:\/\/www.caths.cz\/wordpress\/wp-json\/wp\/v2\/users\/1"}],"replies":[{"embeddable":true,"href":"https:\/\/www.caths.cz\/wordpress\/wp-json\/wp\/v2\/comments?post=2482"}],"version-history":[{"count":0,"href":"https:\/\/www.caths.cz\/wordpress\/wp-json\/wp\/v2\/posts\/2482\/revisions"}],"wp:attachment":[{"href":"https:\/\/www.caths.cz\/wordpress\/wp-json\/wp\/v2\/media?parent=2482"}],"wp:term":[{"taxonomy":"category","embeddable":true,"href":"https:\/\/www.caths.cz\/wordpress\/wp-json\/wp\/v2\/categories?post=2482"},{"taxonomy":"post_tag","embeddable":true,"href":"https:\/\/www.caths.cz\/wordpress\/wp-json\/wp\/v2\/tags?post=2482"}],"curies":[{"name":"wp","href":"https:\/\/api.w.org\/{rel}","templated":true}]}}