{"id":2471,"date":"2013-03-16T16:14:58","date_gmt":"2013-03-16T15:14:58","guid":{"rendered":"http:\/\/www.caths.cz\/wordpress\/?p=2471"},"modified":"2013-03-16T16:14:58","modified_gmt":"2013-03-16T15:14:58","slug":"atletika-ipc-zverejnila-prulomovou-koncepci-vrcholnych-mezinarodnich-atletickych-mitinku-a-akci","status":"publish","type":"post","link":"https:\/\/www.caths.cz\/wordpress\/atletika-ipc-zverejnila-prulomovou-koncepci-vrcholnych-mezinarodnich-atletickych-mitinku-a-akci\/","title":{"rendered":"Atletika IPC zve\u0159ejnila pr\u016flomovou koncepci vrcholn\u00fdch mezin\u00e1rodn\u00edch atletick\u00fdch m\u00edtink\u016f a akc\u00ed"},"content":{"rendered":"<p>V\u0161ichni m\u00e1me je\u0161t\u011b v \u010derstv\u00e9 pam\u011bti z\u00e1vodn\u00ed manko v letech 2007 \u2013 2010, kdy se krom\u011b paralympi\u00e1dy v Pekingu nekonala jedin\u00e1 vrcholn\u00e1 akce v atletice handicapovan\u00fdch. P\u0159est\u00e1vka byla p\u0159eru\u0161ena a\u017e sv\u011btov\u00fdm \u0161ampion\u00e1tem v novoz\u00e9landsk\u00e9m Christchurch v lednu 2011, kter\u00fd byl velmi zda\u0159ilou akc\u00ed, jak v hodnot\u011b sportovn\u00edch v\u00fdkon\u016f, tak v \u00fa\u010dasti sportovc\u016f. N\u00e1sledoval \u00fa\u017easn\u00fd Lond\u00fdn, kter\u00fd p\u0159ekonal v\u0161echna o\u010dek\u00e1v\u00e1n\u00ed. Sportovn\u00ed v\u00fdkony 1100 atlet\u016f sledoval v pr\u016fb\u011bhu 10 dn\u016f paralympi\u00e1dy p\u0159\u00edmo na stadionu v\u00edce ne\u017e milion div\u00e1k\u016f (pozn.- bylo prod\u00e1no 1,1 mil vstupenek na Olympijsk\u00fd stadion), nemluv\u011b o obrovsk\u00e9m mno\u017estv\u00ed TV spole\u010dnost\u00ed, kter\u00e9 atletick\u00e9 sout\u011b\u017ee obrazem p\u0159en\u00e1\u0161ely do cel\u00e9ho sv\u011bta. <\/p>\n<p> Nov\u00e1 koncepce vrcholn\u00fdch atletick\u00fdch akc\u00ed je pr\u00e1v\u011b d\u011bdictv\u00edm lond\u00fdnsk\u00fdch her a pokusem o v\u00fdznamn\u00e9 roz\u0161\u00ed\u0159en\u00ed z\u00e1vodn\u00edho kalend\u00e1\u0159e atletiky IPC dle vzoru atletick\u00fdch sout\u011b\u017e\u00ed \u201ezdrav\u00fdch\u201c. V roce 2013 tak krom\u011b mistrovstv\u00ed sv\u011bta, kter\u00e9 se kon\u00e1 v \u010dervenci ve francouzsk\u00e9m Lyonu, prob\u011bhne v pr\u016fb\u011bhu roku 6 mezin\u00e1rodn\u00edch atletick\u00fdch m\u00edtink\u016f Grand Prix. D\u011bji\u0161t\u011bm t\u011bchto presti\u017en\u00edch akc\u00ed jsou \u2013 Dubaj (Spojen\u00e9 Arabsk\u00e9 Emir\u00e1ty), Peking (\u010c\u00edna), Sao Paulo (Braz\u00edlie), Grosseto (It\u00e1lie), Arizona (USA) a Berl\u00edn (N\u011bmecko). Tuto my\u0161lenku uv\u00edtala i \u0159ada p\u0159edn\u00edch atlet\u016f. <\/p>\n<p> <img decoding=\"async\" src=\"\/wordpress\/image\/sekretarky\/atletika\/CER_0690.jpg\"> <\/p>\n<p> Ot\u00e1zkou z\u016fst\u00e1v\u00e1, zda budou po vzoru atletiky zdrav\u00fdch, vyps\u00e1ny pro v\u00edt\u011bze i n\u011bjak\u00e9 finan\u010dn\u00ed odm\u011bny \u010di bonusy. \u010ci zda seri\u00e1l Grand Prix bude bodov\u00e1n podobn\u011b jako t\u0159eba seri\u00e1l Sv\u011btov\u00e9ho poh\u00e1ru v cyklistice. Tyto podrobnosti zat\u00edm veden\u00ed atletiky IPC nezve\u0159ejnilo. <\/p>\n<p> Dal\u0161\u00edm z faktor\u016f ovliv\u0148uj\u00edc\u00edm \u00fa\u010dast je pro mnoho st\u00e1t\u016f v\u010detn\u011b \u010cesk\u00e9 republiky ekonomick\u00e1 str\u00e1nka v\u011bci. Dle zve\u0159ejn\u011bn\u00fdch distanc\u00ed jednotliv\u00fdch Grand Prix bude \u00fa\u010dast sportovc\u016f na t\u011bchto akc\u00edch finan\u010dn\u011b velmi n\u00e1ro\u010dn\u00e1 a m\u00e1lokdo si bude moci dovolit absolvovat v\u0161echny z\u00e1vody. \u00da\u010dast na vrcholn\u00fdch atletick\u00fdch sout\u011b\u017e\u00edch je velmi n\u00e1kladnou z\u00e1le\u017eitost\u00ed. Pro n\u00e1zornost, jen povinn\u00fd poplatek za \u00fa\u010dast na leto\u0161n\u00edm mistrovstv\u00ed sv\u011bta je 825\u20ac \/ os, kter\u00fd nezahrnuje ani ubytov\u00e1n\u00ed ani stravu a dal\u0161\u00ed nutn\u00e9 n\u00e1klady. Celkov\u00e9 n\u00e1klady na MS se tak budou pohybovat kolem 40 tis\u00edc na osobu. <\/p>\n<p> Nicm\u00e9n\u011b je z\u0159ejm\u00e9, \u017ee o po\u0159\u00e1d\u00e1n\u00ed velk\u00fdch atletick\u00fdch z\u00e1vod\u016f je z\u00e1jem. Ji\u017e nyn\u00ed jsou zn\u00e1ma i m\u00edsta kon\u00e1n\u00ed dal\u0161\u00edch mistrovstv\u00ed sv\u011bta. V roce 2015 potvrdilo po\u0159adatelstv\u00ed m\u011bsto Doha v Kataru a v roce 2017 se vrcholn\u00e1 akce vr\u00e1t\u00ed do Lond\u00fdna. <\/p>\n<p> <img decoding=\"async\" src=\"\/wordpress\/image\/sekretarky\/atletika\/IMG_3060.jpg\"><\/p>\n","protected":false},"excerpt":{"rendered":"<a href=\"https:\/\/www.caths.cz\/wordpress\/atletika-ipc-zverejnila-prulomovou-koncepci-vrcholnych-mezinarodnich-atletickych-mitinku-a-akci\/\"><img loading=\"lazy\" decoding=\"async\" width=\"100\" height=\"100\" src=\"https:\/\/www.caths.cz\/wordpress\/wp-content\/plugins\/thumbnail-for-excerpts\/tfe_no_thumb.png\" class=\"alignleft wp-post-image tfe\" alt=\"\" title=\"\" \/><\/a><p>V\u0161ichni m\u00e1me je\u0161t\u011b v \u010derstv\u00e9 pam\u011bti z\u00e1vodn\u00ed manko v letech 2007 \u2013 2010, kdy se krom\u011b paralympi\u00e1dy v Pekingu nekonala jedin\u00e1 vrcholn\u00e1 akce v atletice handicapovan\u00fdch. P\u0159est\u00e1vka byla p\u0159eru\u0161ena a\u017e [&hellip;]<\/p>\n","protected":false},"author":1,"featured_media":0,"comment_status":"closed","ping_status":"closed","sticky":false,"template":"","format":"standard","meta":{"ngg_post_thumbnail":0,"footnotes":""},"categories":[5],"tags":[],"class_list":["post-2471","post","type-post","status-publish","format-standard","hentry","category-atletika"],"_links":{"self":[{"href":"https:\/\/www.caths.cz\/wordpress\/wp-json\/wp\/v2\/posts\/2471","targetHints":{"allow":["GET"]}}],"collection":[{"href":"https:\/\/www.caths.cz\/wordpress\/wp-json\/wp\/v2\/posts"}],"about":[{"href":"https:\/\/www.caths.cz\/wordpress\/wp-json\/wp\/v2\/types\/post"}],"author":[{"embeddable":true,"href":"https:\/\/www.caths.cz\/wordpress\/wp-json\/wp\/v2\/users\/1"}],"replies":[{"embeddable":true,"href":"https:\/\/www.caths.cz\/wordpress\/wp-json\/wp\/v2\/comments?post=2471"}],"version-history":[{"count":0,"href":"https:\/\/www.caths.cz\/wordpress\/wp-json\/wp\/v2\/posts\/2471\/revisions"}],"wp:attachment":[{"href":"https:\/\/www.caths.cz\/wordpress\/wp-json\/wp\/v2\/media?parent=2471"}],"wp:term":[{"taxonomy":"category","embeddable":true,"href":"https:\/\/www.caths.cz\/wordpress\/wp-json\/wp\/v2\/categories?post=2471"},{"taxonomy":"post_tag","embeddable":true,"href":"https:\/\/www.caths.cz\/wordpress\/wp-json\/wp\/v2\/tags?post=2471"}],"curies":[{"name":"wp","href":"https:\/\/api.w.org\/{rel}","templated":true}]}}