{"id":2470,"date":"2013-03-14T22:26:34","date_gmt":"2013-03-14T21:26:34","guid":{"rendered":"http:\/\/www.caths.cz\/wordpress\/?p=2470"},"modified":"2013-03-14T22:26:34","modified_gmt":"2013-03-14T21:26:34","slug":"fotogalerie-z-vyhlaseni-nejlepsiho-handicapovaneho-sportovce-roku-2012","status":"publish","type":"post","link":"https:\/\/www.caths.cz\/wordpress\/fotogalerie-z-vyhlaseni-nejlepsiho-handicapovaneho-sportovce-roku-2012\/","title":{"rendered":"Fotogalerie z vyhl\u00e1\u0161en\u00ed Nejlep\u0161\u00edho handicapovan\u00e9ho sportovce roku 2012"},"content":{"rendered":"<p>Slavnostn\u00ed ve\u010der objektivem Jana Pov\u00fd\u0161ila<img decoding=\"async\" src=\"\/wordpress\/image\/sekretarky\/NHSR 2012\/povys\/D12C4688.CR2.p.jpg\"> <\/p>\n<p> <img decoding=\"async\" src=\"\/wordpress\/image\/sekretarky\/NHSR 2012\/povys\/D12C4693.CR2.p.jpg\"> <\/p>\n<p> <img decoding=\"async\" src=\"\/wordpress\/image\/sekretarky\/NHSR 2012\/povys\/D12C4711.CR2.p.jpg\"> <\/p>\n<p> <img decoding=\"async\" src=\"\/wordpress\/image\/sekretarky\/NHSR 2012\/povys\/D12C4777.CR2.p.jpg\"> <\/p>\n<p> <img decoding=\"async\" src=\"\/wordpress\/image\/sekretarky\/NHSR 2012\/povys\/D12C4811.CR2.p.jpg\"> <\/p>\n<p> <img decoding=\"async\" src=\"\/wordpress\/image\/sekretarky\/NHSR 2012\/povys\/D12C4918.CR2.p.jpg\"> <\/p>\n<p> <img decoding=\"async\" src=\"\/wordpress\/image\/sekretarky\/NHSR 2012\/povys\/D12C4929.CR2.p.jpg\"> <\/p>\n<p> <img decoding=\"async\" src=\"\/wordpress\/image\/sekretarky\/NHSR 2012\/povys\/D12C4933.CR2.p.jpg\"> <\/p>\n<p> <img decoding=\"async\" src=\"\/wordpress\/image\/sekretarky\/NHSR 2012\/povys\/D12C4942.CR2.p.jpg\"> <\/p>\n<p> <img decoding=\"async\" src=\"\/wordpress\/image\/sekretarky\/NHSR 2012\/povys\/D12C5012.CR2.p.jpg\"> <\/p>\n<p> <img decoding=\"async\" src=\"\/wordpress\/image\/sekretarky\/NHSR 2012\/povys\/D12C5043.CR2.p.jpg\"> <\/p>\n<p> <img decoding=\"async\" src=\"\/wordpress\/image\/sekretarky\/NHSR 2012\/povys\/D12C5064.CR2.p.jpg\"> <\/p>\n<p> <img decoding=\"async\" src=\"\/wordpress\/image\/sekretarky\/NHSR 2012\/povys\/D12C5107.CR2.p.jpg\"> <\/p>\n<p> <img decoding=\"async\" src=\"\/wordpress\/image\/sekretarky\/NHSR 2012\/povys\/D12C5144.CR2.p.jpg\"> <\/p>\n<p> <img decoding=\"async\" src=\"\/wordpress\/image\/sekretarky\/NHSR 2012\/povys\/D12C5195.CR2.p.jpg\"> <\/p>\n<p> <img decoding=\"async\" src=\"\/wordpress\/image\/sekretarky\/NHSR 2012\/povys\/D12C5256.CR2.p.jpg\"> <\/p>\n<p> <img decoding=\"async\" src=\"\/wordpress\/image\/sekretarky\/NHSR 2012\/povys\/D12C5379.CR2.p.jpg\"> <\/p>\n","protected":false},"excerpt":{"rendered":"<a href=\"https:\/\/www.caths.cz\/wordpress\/fotogalerie-z-vyhlaseni-nejlepsiho-handicapovaneho-sportovce-roku-2012\/\"><img loading=\"lazy\" decoding=\"async\" width=\"100\" height=\"100\" src=\"https:\/\/www.caths.cz\/wordpress\/wp-content\/plugins\/thumbnail-for-excerpts\/tfe_no_thumb.png\" class=\"alignleft wp-post-image tfe\" alt=\"\" title=\"\" \/><\/a><p>Slavnostn\u00ed ve\u010der objektivem Jana Pov\u00fd\u0161ila<\/p>\n","protected":false},"author":1,"featured_media":0,"comment_status":"closed","ping_status":"closed","sticky":false,"template":"","format":"standard","meta":{"ngg_post_thumbnail":0,"footnotes":""},"categories":[6],"tags":[],"class_list":["post-2470","post","type-post","status-publish","format-standard","hentry","category-caths-info"],"_links":{"self":[{"href":"https:\/\/www.caths.cz\/wordpress\/wp-json\/wp\/v2\/posts\/2470","targetHints":{"allow":["GET"]}}],"collection":[{"href":"https:\/\/www.caths.cz\/wordpress\/wp-json\/wp\/v2\/posts"}],"about":[{"href":"https:\/\/www.caths.cz\/wordpress\/wp-json\/wp\/v2\/types\/post"}],"author":[{"embeddable":true,"href":"https:\/\/www.caths.cz\/wordpress\/wp-json\/wp\/v2\/users\/1"}],"replies":[{"embeddable":true,"href":"https:\/\/www.caths.cz\/wordpress\/wp-json\/wp\/v2\/comments?post=2470"}],"version-history":[{"count":0,"href":"https:\/\/www.caths.cz\/wordpress\/wp-json\/wp\/v2\/posts\/2470\/revisions"}],"wp:attachment":[{"href":"https:\/\/www.caths.cz\/wordpress\/wp-json\/wp\/v2\/media?parent=2470"}],"wp:term":[{"taxonomy":"category","embeddable":true,"href":"https:\/\/www.caths.cz\/wordpress\/wp-json\/wp\/v2\/categories?post=2470"},{"taxonomy":"post_tag","embeddable":true,"href":"https:\/\/www.caths.cz\/wordpress\/wp-json\/wp\/v2\/tags?post=2470"}],"curies":[{"name":"wp","href":"https:\/\/api.w.org\/{rel}","templated":true}]}}