{"id":2452,"date":"2013-02-15T00:31:20","date_gmt":"2013-02-14T23:31:20","guid":{"rendered":"http:\/\/www.caths.cz\/wordpress\/?p=2452"},"modified":"2013-02-15T00:31:20","modified_gmt":"2013-02-14T23:31:20","slug":"nova-anketni-otazka-sparta-nebo-karlovy-vary","status":"publish","type":"post","link":"https:\/\/www.caths.cz\/wordpress\/nova-anketni-otazka-sparta-nebo-karlovy-vary\/","title":{"rendered":"Nov\u00e1 anketn\u00ed ot\u00e1zka: SPARTA nebo KARLOVY VARY?"},"content":{"rendered":"<p align=\"justify\">\nKdo mysl\u00edte, \u017ee vyhraje sledge hokejovou ligu? P\u0159ekvapiv\u00fd finalista Sparta, kter\u00e1 vy\u0159adila v semifin\u00e1le na titul aspiruj\u00edc\u00ed Zl\u00edn, nebo favorit sout\u011b\u017ee, siln\u00fd t\u00fdm Karlov\u00fdch Var\u016f?<br \/>\nTipujte v na\u0161\u00ed anket\u011b a nezapome\u0148te \u2013 prvn\u00ed z\u00e1pas o titul sledge hokejov\u00e9ho mistra \u010cR za\u010d\u00edn\u00e1 23. \u00fanora!<\/p>\n","protected":false},"excerpt":{"rendered":"<a href=\"https:\/\/www.caths.cz\/wordpress\/nova-anketni-otazka-sparta-nebo-karlovy-vary\/\"><img loading=\"lazy\" decoding=\"async\" width=\"100\" height=\"100\" src=\"https:\/\/www.caths.cz\/wordpress\/wp-content\/plugins\/thumbnail-for-excerpts\/tfe_no_thumb.png\" class=\"alignleft wp-post-image tfe\" alt=\"\" title=\"\" \/><\/a><p>Kdo mysl\u00edte, \u017ee vyhraje sledge hokejovou ligu? P\u0159ekvapiv\u00fd finalista Sparta, kter\u00e1 vy\u0159adila v semifin\u00e1le na titul aspiruj\u00edc\u00ed Zl\u00edn, nebo favorit sout\u011b\u017ee, siln\u00fd t\u00fdm Karlov\u00fdch Var\u016f? Tipujte v na\u0161\u00ed anket\u011b a [&hellip;]<\/p>\n","protected":false},"author":1,"featured_media":0,"comment_status":"closed","ping_status":"closed","sticky":false,"template":"","format":"standard","meta":{"ngg_post_thumbnail":0,"footnotes":""},"categories":[39],"tags":[],"class_list":["post-2452","post","type-post","status-publish","format-standard","hentry","category-caths-anketa"],"_links":{"self":[{"href":"https:\/\/www.caths.cz\/wordpress\/wp-json\/wp\/v2\/posts\/2452","targetHints":{"allow":["GET"]}}],"collection":[{"href":"https:\/\/www.caths.cz\/wordpress\/wp-json\/wp\/v2\/posts"}],"about":[{"href":"https:\/\/www.caths.cz\/wordpress\/wp-json\/wp\/v2\/types\/post"}],"author":[{"embeddable":true,"href":"https:\/\/www.caths.cz\/wordpress\/wp-json\/wp\/v2\/users\/1"}],"replies":[{"embeddable":true,"href":"https:\/\/www.caths.cz\/wordpress\/wp-json\/wp\/v2\/comments?post=2452"}],"version-history":[{"count":0,"href":"https:\/\/www.caths.cz\/wordpress\/wp-json\/wp\/v2\/posts\/2452\/revisions"}],"wp:attachment":[{"href":"https:\/\/www.caths.cz\/wordpress\/wp-json\/wp\/v2\/media?parent=2452"}],"wp:term":[{"taxonomy":"category","embeddable":true,"href":"https:\/\/www.caths.cz\/wordpress\/wp-json\/wp\/v2\/categories?post=2452"},{"taxonomy":"post_tag","embeddable":true,"href":"https:\/\/www.caths.cz\/wordpress\/wp-json\/wp\/v2\/tags?post=2452"}],"curies":[{"name":"wp","href":"https:\/\/api.w.org\/{rel}","templated":true}]}}