{"id":2448,"date":"2013-02-11T09:53:13","date_gmt":"2013-02-11T08:53:13","guid":{"rendered":"http:\/\/www.caths.cz\/wordpress\/?p=2448"},"modified":"2013-02-11T09:53:13","modified_gmt":"2013-02-11T08:53:13","slug":"prazsky-mtb-pohar-2013-i-pro-handicapovane-cyklisty","status":"publish","type":"post","link":"https:\/\/www.caths.cz\/wordpress\/prazsky-mtb-pohar-2013-i-pro-handicapovane-cyklisty\/","title":{"rendered":"Pra\u017esk\u00fd MTB poh\u00e1r 2013 i pro handicapovan\u00e9 cyklisty"},"content":{"rendered":"<p align=\"justify\">Nejen po\u010detn\u00e1 skupina pra\u017esk\u00fdch cyklist\u016f se m\u016f\u017ee t\u011b\u0161it na dlouhodobou sout\u011b\u017e horsk\u00fdch kol, po\u0159\u00e1danou na \u00fazem\u00ed na\u0161eho hlavn\u00edho m\u011bsta. <\/p>\n<p align=\"justify\">Celkem \u0161est z\u00e1vod\u016f v obdob\u00ed od dubna do prosince bude tvo\u0159it novou sout\u011b\u017e v kalend\u00e1\u0159i z\u00e1vod\u016f horsk\u00fdch kol. Akce s n\u00e1zvem Pra\u017esk\u00fd MTB poh\u00e1r 2013 bude ur\u010dena pro v\u0161echny kategorie biker\u016f, v\u011bkov\u00e9 i v\u00fdkonnostn\u00ed, v\u010detn\u011b kategorie handicapovan\u00fdch cyklist\u016f kategorie C5 \u2013 C3. Sou\u010d\u00e1st\u00ed podniku bude i \u0159ada dal\u0161\u00edch doprovodn\u00fdch cyklistick\u00fdch akc\u00ed, nap\u0159\u00edklad z\u00e1vody v singlespeedu, BMX, 4X, sprint Eliminator, z\u00e1vody t\u011bch nejmen\u0161\u00edch biker\u016f, v\u010detn\u011b kategorie odr\u00e1\u017eedel a pojede se i historicky prvn\u00ed mistrovstv\u00ed \u010cR novin\u00e1\u0159\u016f. <\/p>\n<p> <img decoding=\"async\" src=\"\/wordpress\/image\/sekretarky\/repy\/cyklokros2012_sobota_445.JPG\"> <\/p>\n<p> Po\u0159adateli seri\u00e1lu jsou SK HCP Nutrend Specialized a Sport Club CALABRONE Zli\u010d\u00edn. Pra\u017esk\u00fd poh\u00e1r MTB 2013 budou tvo\u0159it n\u00e1sleduj\u00edc\u00ed z\u00e1vody: <\/p>\n<p> <strong>ned\u011ble 21. dubna Zli\u010d\u00edn ( MTB + singlespeed)<\/strong><br \/> <strong>sobota 1. \u010dervna \u0158epy (MTB + singlespeed, BMX, M\u010cR novin\u00e1\u0159\u016f, sprint Eliminator)<\/strong><br \/> <strong>ned\u011ble 9. \u010dervna Stod\u016flky (MTB + 4X)<\/strong><br \/> <strong>ned\u011ble 29. z\u00e1\u0159\u00ed Zli\u010d\u00edn (MTB + singlespeed)<\/strong><br \/> <strong>ned\u011ble 27. \u0159\u00edjen Zli\u010d\u00edn (MTB + singlespeed) <\/strong><br \/> <strong>ned\u011ble 15. prosince \u0158epy (MTB + singelspeed, Velk\u00e9 fin\u00e1le)<\/strong> <\/p>\n<p> Z\u00e1vody v \u0158ep\u00edch budou sou\u010d\u00e1st\u00ed v\u00fdznamn\u00fdch cyklistick\u00fdch podnik\u016f, kter\u00e9 se v Praze chystaj\u00ed &#8211; \u010cesk\u00e9ho poh\u00e1ru MTB a Pra\u017esk\u00e9ho cyklokrosu, kter\u00fd se letos uskute\u010dn\u00ed jako M\u010cR ml\u00e1de\u017enick\u00fdch kategori\u00ed a tak\u00e9 jako z\u00e1vod \u010cesk\u00e9ho poh\u00e1ru TOI TOI Cup pro kategorii Elite. <\/p>\n<p> V\u00edt\u011bzov\u00e9 cel\u00e9ho seri\u00e1lu se mohou t\u011b\u0161it na origin\u00e1ln\u00ed poh\u00e1ry vyroben\u00e9 speci\u00e1ln\u011b pro tuto akci a jejich jm\u00e9na budou vyryta do podstavce velk\u00e9ho putovn\u00edho poh\u00e1ru, kter\u00fd m\u00e1 b\u00fdt z\u00e1kladn\u00edm kamenem nov\u00e9 pra\u017esk\u00e9 cyklistick\u00e9 tradice horsk\u00fdch kol. <\/p>\n<p> <img decoding=\"async\" src=\"\/wordpress\/image\/sekretarky\/repy\/kingofprague_2011_539.jpg\"> <\/p>\n","protected":false},"excerpt":{"rendered":"<a href=\"https:\/\/www.caths.cz\/wordpress\/prazsky-mtb-pohar-2013-i-pro-handicapovane-cyklisty\/\"><img loading=\"lazy\" decoding=\"async\" width=\"100\" height=\"100\" src=\"https:\/\/www.caths.cz\/wordpress\/wp-content\/plugins\/thumbnail-for-excerpts\/tfe_no_thumb.png\" class=\"alignleft wp-post-image tfe\" alt=\"\" title=\"\" \/><\/a><p>Nejen po\u010detn\u00e1 skupina pra\u017esk\u00fdch cyklist\u016f se m\u016f\u017ee t\u011b\u0161it na dlouhodobou sout\u011b\u017e horsk\u00fdch kol, po\u0159\u00e1danou na \u00fazem\u00ed na\u0161eho hlavn\u00edho m\u011bsta. Celkem \u0161est z\u00e1vod\u016f v obdob\u00ed od dubna do prosince bude tvo\u0159it [&hellip;]<\/p>\n","protected":false},"author":1,"featured_media":0,"comment_status":"closed","ping_status":"closed","sticky":false,"template":"","format":"standard","meta":{"ngg_post_thumbnail":0,"footnotes":""},"categories":[40],"tags":[],"class_list":["post-2448","post","type-post","status-publish","format-standard","hentry","category-pojed-s-nami"],"_links":{"self":[{"href":"https:\/\/www.caths.cz\/wordpress\/wp-json\/wp\/v2\/posts\/2448","targetHints":{"allow":["GET"]}}],"collection":[{"href":"https:\/\/www.caths.cz\/wordpress\/wp-json\/wp\/v2\/posts"}],"about":[{"href":"https:\/\/www.caths.cz\/wordpress\/wp-json\/wp\/v2\/types\/post"}],"author":[{"embeddable":true,"href":"https:\/\/www.caths.cz\/wordpress\/wp-json\/wp\/v2\/users\/1"}],"replies":[{"embeddable":true,"href":"https:\/\/www.caths.cz\/wordpress\/wp-json\/wp\/v2\/comments?post=2448"}],"version-history":[{"count":0,"href":"https:\/\/www.caths.cz\/wordpress\/wp-json\/wp\/v2\/posts\/2448\/revisions"}],"wp:attachment":[{"href":"https:\/\/www.caths.cz\/wordpress\/wp-json\/wp\/v2\/media?parent=2448"}],"wp:term":[{"taxonomy":"category","embeddable":true,"href":"https:\/\/www.caths.cz\/wordpress\/wp-json\/wp\/v2\/categories?post=2448"},{"taxonomy":"post_tag","embeddable":true,"href":"https:\/\/www.caths.cz\/wordpress\/wp-json\/wp\/v2\/tags?post=2448"}],"curies":[{"name":"wp","href":"https:\/\/api.w.org\/{rel}","templated":true}]}}