{"id":24470,"date":"2017-07-03T22:59:00","date_gmt":"2017-07-03T21:59:00","guid":{"rendered":"http:\/\/www.caths.cz\/wordpress\/?p=24470"},"modified":"2017-07-03T22:59:54","modified_gmt":"2017-07-03T21:59:54","slug":"patrik-jahoda-zdvojnasobil-stribro-na-sp-emmen-a-je-celkove-treti","status":"publish","type":"post","link":"https:\/\/www.caths.cz\/wordpress\/patrik-jahoda-zdvojnasobil-stribro-na-sp-emmen-a-je-celkove-treti\/","title":{"rendered":"Patrik Jahoda zdvojn\u00e1sobil st\u0159\u00edbro na SP Emmen a je celkov\u011b t\u0159et\u00ed"},"content":{"rendered":"<p>Patriku Jahodovi se poda\u0159ilo prolomit sm\u016flu \u010dtvrt\u00fdch m\u00edst z p\u0159edchoz\u00edho kola sv\u011btov\u00e9ho poh\u00e1ru a vybojoval\u00a0i v silni\u010dn\u00edm z\u00e1vod\u011b fin\u00e1lov\u00e9ho kola SP 2017 v holandsk\u00e9m Emmenu st\u0159\u00edbrnou medaili. V celkov\u00e9m po\u0159ad\u00ed sv\u011btov\u00e9ho poh\u00e1ru tak pat\u0159\u00ed v kategorii H1 Patrikovi t\u0159et\u00ed m\u00edsto. Celkov\u011b zv\u00edt\u011bzil Fin Polvi a druh\u00fd skon\u010dil \u0160v\u00fdcar Fr\u00fch.<\/p>\n<p>Celkov\u011b t\u0159et\u00ed \u00a0v SP skon\u010dil tak\u00e9 Ivo Koblasa v kategorii C2, p\u0159esto\u017ee v Emmenu ho pron\u00e1sledovala sm\u016fla. Po sporn\u00e9m rozhodnut\u00ed komisa\u0159e UCI byl Ivo v silni\u010dn\u00edm z\u00e1vod\u011b diskvalifikov\u00e1n. V jeho kategorii pat\u0159\u00ed celkov\u00e9 v\u00edt\u011bzstv\u00ed Rusovi Gilmutinovi a druh\u00e9 irsk\u00e9mu z\u00e1vodn\u00edkovi Lynchovi.<\/p>\n<p>Ji\u0159\u00ed Je\u017eek dojel v silni\u010dn\u00edm z\u00e1vod\u011b v hlavn\u00edm poli na sedm\u00e9m m\u00edst\u011b a celkov\u011b mu v SP 2017 pat\u0159\u00ed \u0161est\u00e9 m\u00edsto.<\/p>\n<p>Miroslav \u0160ulc na handbiku kategorie H4 skon\u010dil v silni\u010dn\u00edm z\u00e1vod\u011b na dobr\u00e9m dev\u00e1tm m\u00edst\u011b.<\/p>\n<p><a href=\"http:\/\/www.caths.cz\/wordpress\/wp-content\/uploads\/2017\/05\/1584.jpg\"><img loading=\"lazy\" decoding=\"async\" class=\"alignnone size-full wp-image-24366\" src=\"http:\/\/www.caths.cz\/wordpress\/wp-content\/uploads\/2017\/05\/1584.jpg\" alt=\"1584\" width=\"1000\" height=\"667\" srcset=\"https:\/\/www.caths.cz\/wordpress\/wp-content\/uploads\/2017\/05\/1584.jpg 1000w, https:\/\/www.caths.cz\/wordpress\/wp-content\/uploads\/2017\/05\/1584-300x200.jpg 300w, https:\/\/www.caths.cz\/wordpress\/wp-content\/uploads\/2017\/05\/1584-120x80.jpg 120w\" sizes=\"auto, (max-width: 1000px) 100vw, 1000px\" \/><\/a><\/p>\n","protected":false},"excerpt":{"rendered":"<a href=\"https:\/\/www.caths.cz\/wordpress\/patrik-jahoda-zdvojnasobil-stribro-na-sp-emmen-a-je-celkove-treti\/\"><img width=\"100\" height=\"100\" src=\"https:\/\/www.caths.cz\/wordpress\/wp-content\/uploads\/2017\/05\/1584-100x100.jpg\" class=\"alignleft tfe wp-post-image\" alt=\"\" decoding=\"async\" loading=\"lazy\" srcset=\"https:\/\/www.caths.cz\/wordpress\/wp-content\/uploads\/2017\/05\/1584-100x100.jpg 100w, https:\/\/www.caths.cz\/wordpress\/wp-content\/uploads\/2017\/05\/1584-150x150.jpg 150w\" sizes=\"auto, (max-width: 100px) 100vw, 100px\" \/><\/a><p>Patriku Jahodovi se poda\u0159ilo prolomit sm\u016flu \u010dtvrt\u00fdch m\u00edst z p\u0159edchoz\u00edho kola sv\u011btov\u00e9ho poh\u00e1ru a vybojoval\u00a0i v silni\u010dn\u00edm z\u00e1vod\u011b fin\u00e1lov\u00e9ho kola SP 2017 v holandsk\u00e9m Emmenu st\u0159\u00edbrnou medaili. V celkov\u00e9m po\u0159ad\u00ed [&hellip;]<\/p>\n","protected":false},"author":1,"featured_media":24366,"comment_status":"closed","ping_status":"closed","sticky":false,"template":"","format":"standard","meta":{"ngg_post_thumbnail":0,"footnotes":""},"categories":[2],"tags":[],"class_list":["post-24470","post","type-post","status-publish","format-standard","has-post-thumbnail","hentry","category-cyklistika"],"_links":{"self":[{"href":"https:\/\/www.caths.cz\/wordpress\/wp-json\/wp\/v2\/posts\/24470","targetHints":{"allow":["GET"]}}],"collection":[{"href":"https:\/\/www.caths.cz\/wordpress\/wp-json\/wp\/v2\/posts"}],"about":[{"href":"https:\/\/www.caths.cz\/wordpress\/wp-json\/wp\/v2\/types\/post"}],"author":[{"embeddable":true,"href":"https:\/\/www.caths.cz\/wordpress\/wp-json\/wp\/v2\/users\/1"}],"replies":[{"embeddable":true,"href":"https:\/\/www.caths.cz\/wordpress\/wp-json\/wp\/v2\/comments?post=24470"}],"version-history":[{"count":1,"href":"https:\/\/www.caths.cz\/wordpress\/wp-json\/wp\/v2\/posts\/24470\/revisions"}],"predecessor-version":[{"id":24471,"href":"https:\/\/www.caths.cz\/wordpress\/wp-json\/wp\/v2\/posts\/24470\/revisions\/24471"}],"wp:featuredmedia":[{"embeddable":true,"href":"https:\/\/www.caths.cz\/wordpress\/wp-json\/wp\/v2\/media\/24366"}],"wp:attachment":[{"href":"https:\/\/www.caths.cz\/wordpress\/wp-json\/wp\/v2\/media?parent=24470"}],"wp:term":[{"taxonomy":"category","embeddable":true,"href":"https:\/\/www.caths.cz\/wordpress\/wp-json\/wp\/v2\/categories?post=24470"},{"taxonomy":"post_tag","embeddable":true,"href":"https:\/\/www.caths.cz\/wordpress\/wp-json\/wp\/v2\/tags?post=24470"}],"curies":[{"name":"wp","href":"https:\/\/api.w.org\/{rel}","templated":true}]}}