{"id":24467,"date":"2017-06-30T23:42:38","date_gmt":"2017-06-30T22:42:38","guid":{"rendered":"http:\/\/www.caths.cz\/wordpress\/?p=24467"},"modified":"2017-06-30T23:42:38","modified_gmt":"2017-06-30T22:42:38","slug":"stribrna-medaile-z-casovky-ozdobila-patrika-jahodu-jiri-jezek-ctvrty","status":"publish","type":"post","link":"https:\/\/www.caths.cz\/wordpress\/stribrna-medaile-z-casovky-ozdobila-patrika-jahodu-jiri-jezek-ctvrty\/","title":{"rendered":"St\u0159\u00edbrn\u00e1 medaile z \u010dasovky ozdobila Patrika Jahodu, Ji\u0159\u00ed Je\u017eek \u010dtvrt\u00fd"},"content":{"rendered":"<p>Holandsk\u00fd Emmen p\u0159iv\u00edtal v p\u00e1tek startovn\u00ed pole handicapovan\u00fdch cyklist\u016f. Prvn\u00ed sout\u011b\u017en\u00ed den byla na programu \u010dasovka jednotlivc\u016f. Z \u010desk\u00fdch z\u00e1vodn\u00edk\u016f do n\u00ed postupn\u011b nastoupili Ivo Koblasa, Miroslav \u0160ulc, Patrik Jahoda a Ji\u0159\u00ed Je\u017eek.<\/p>\n<p>Nejl\u00e9pe se da\u0159ilo handbikerovi Patriku Jahodovi, kter\u00fd vybojoval druhou p\u0159\u00ed\u010dku hned za finsk\u00fdm z\u00e1vodn\u00edkem Polvim. Pr\u016fb\u011bh z\u00e1vodu byl v\u0161ak velmi nap\u00ednav\u00fd. Patrik\u016fv \u010das na prvn\u00edm mezi\u010dase v\u016fbec nenasv\u011bd\u010doval tomu, \u017ee bude jeho nositel na stupn\u00edch v\u00edt\u011bz\u016f, proto\u017ee uk\u00e1zal a\u017e pr\u016fb\u011b\u017en\u00e9 \u0161est\u00e9 m\u00edsto. Patrik se t\u00edm v\u0161ak nenechal vyv\u00e9st z m\u00edry, postupn\u011b zvy\u0161oval tempo a v c\u00edli byl jeho \u010das druh\u00fd nejrychlej\u0161\u00ed. T\u0159et\u00ed skon\u010dil \u0160v\u00fdcar Fr\u00fch.<\/p>\n<p>Skv\u011bl\u00fd z\u00e1vod jel i nest\u00e1rnouc\u00ed Ji\u0159\u00ed Je\u017eek, kter\u00fd sice skon\u010dil na nepopul\u00e1rn\u00edm \u010dtvrt\u00e9m m\u00edst\u011b, ale jen pouh\u00fdch 8 vte\u0159in od t\u0159et\u00ed p\u0159\u00ed\u010dky, na kter\u00e9 skon\u010dil \u0160pan\u011bl Neira. Druh\u00fd byl slovensk\u00fd z\u00e1vodn\u00edk Kuril a v\u00edt\u011bzstv\u00ed pro sebe vybojoval Rus Pudov.<\/p>\n<p>Ivo Koblasa v kategorii C2 obsadil v\u00fdsledn\u00e9 \u0161est\u00e9 m\u00edsto, ze kter\u00e9ho byl mlad\u00fd z\u00e1vodn\u00edk hodn\u011b zklaman\u00fd. Vylep\u0161it reputaci si bude ur\u010dit\u011b cht\u00edt v ned\u011bln\u00edm silni\u010dn\u00edm z\u00e1vod\u011b. Miroslav \u0160ulc v kategorii H4 skon\u010dil na dvan\u00e1ct\u00e9 p\u0159\u00ed\u010dce.<\/p>\n<p>V sobotu a v ned\u011bli jsou na programu silni\u010dn\u00ed z\u00e1vody jednotliv\u00fdch kategori\u00ed.<\/p>\n<p>V\u00fdsledky \u010dasovky naleznete <a href=\"http:\/\/www.uci.ch\/para-cycling\/ucievents\/2017-para-cycling-uci-para-cycling-world-cup\/374847017\/widgets\/start-lists-results-standings-182413\/\">ZDE<\/a><\/p>\n<p><a href=\"http:\/\/www.caths.cz\/wordpress\/wp-content\/uploads\/2017\/06\/patrik-casovka.jpg\"><img loading=\"lazy\" decoding=\"async\" class=\"alignnone size-full wp-image-24468\" src=\"http:\/\/www.caths.cz\/wordpress\/wp-content\/uploads\/2017\/06\/patrik-casovka.jpg\" alt=\"patrik casovka\" width=\"960\" height=\"720\" srcset=\"https:\/\/www.caths.cz\/wordpress\/wp-content\/uploads\/2017\/06\/patrik-casovka.jpg 960w, https:\/\/www.caths.cz\/wordpress\/wp-content\/uploads\/2017\/06\/patrik-casovka-300x225.jpg 300w, https:\/\/www.caths.cz\/wordpress\/wp-content\/uploads\/2017\/06\/patrik-casovka-120x90.jpg 120w\" sizes=\"auto, (max-width: 960px) 100vw, 960px\" \/><\/a><\/p>\n","protected":false},"excerpt":{"rendered":"<a href=\"https:\/\/www.caths.cz\/wordpress\/stribrna-medaile-z-casovky-ozdobila-patrika-jahodu-jiri-jezek-ctvrty\/\"><img width=\"100\" height=\"100\" src=\"https:\/\/www.caths.cz\/wordpress\/wp-content\/uploads\/2017\/06\/patrik-casovka-100x100.jpg\" class=\"alignleft tfe wp-post-image\" alt=\"\" decoding=\"async\" loading=\"lazy\" srcset=\"https:\/\/www.caths.cz\/wordpress\/wp-content\/uploads\/2017\/06\/patrik-casovka-100x100.jpg 100w, https:\/\/www.caths.cz\/wordpress\/wp-content\/uploads\/2017\/06\/patrik-casovka-150x150.jpg 150w\" sizes=\"auto, (max-width: 100px) 100vw, 100px\" \/><\/a><p>Holandsk\u00fd Emmen p\u0159iv\u00edtal v p\u00e1tek startovn\u00ed pole handicapovan\u00fdch cyklist\u016f. Prvn\u00ed sout\u011b\u017en\u00ed den byla na programu \u010dasovka jednotlivc\u016f. Z \u010desk\u00fdch z\u00e1vodn\u00edk\u016f do n\u00ed postupn\u011b nastoupili Ivo Koblasa, Miroslav \u0160ulc, Patrik Jahoda [&hellip;]<\/p>\n","protected":false},"author":1,"featured_media":24468,"comment_status":"closed","ping_status":"closed","sticky":false,"template":"","format":"standard","meta":{"ngg_post_thumbnail":0,"footnotes":""},"categories":[2,9],"tags":[],"class_list":["post-24467","post","type-post","status-publish","format-standard","has-post-thumbnail","hentry","category-cyklistika","category-handbike"],"_links":{"self":[{"href":"https:\/\/www.caths.cz\/wordpress\/wp-json\/wp\/v2\/posts\/24467","targetHints":{"allow":["GET"]}}],"collection":[{"href":"https:\/\/www.caths.cz\/wordpress\/wp-json\/wp\/v2\/posts"}],"about":[{"href":"https:\/\/www.caths.cz\/wordpress\/wp-json\/wp\/v2\/types\/post"}],"author":[{"embeddable":true,"href":"https:\/\/www.caths.cz\/wordpress\/wp-json\/wp\/v2\/users\/1"}],"replies":[{"embeddable":true,"href":"https:\/\/www.caths.cz\/wordpress\/wp-json\/wp\/v2\/comments?post=24467"}],"version-history":[{"count":1,"href":"https:\/\/www.caths.cz\/wordpress\/wp-json\/wp\/v2\/posts\/24467\/revisions"}],"predecessor-version":[{"id":24469,"href":"https:\/\/www.caths.cz\/wordpress\/wp-json\/wp\/v2\/posts\/24467\/revisions\/24469"}],"wp:featuredmedia":[{"embeddable":true,"href":"https:\/\/www.caths.cz\/wordpress\/wp-json\/wp\/v2\/media\/24468"}],"wp:attachment":[{"href":"https:\/\/www.caths.cz\/wordpress\/wp-json\/wp\/v2\/media?parent=24467"}],"wp:term":[{"taxonomy":"category","embeddable":true,"href":"https:\/\/www.caths.cz\/wordpress\/wp-json\/wp\/v2\/categories?post=24467"},{"taxonomy":"post_tag","embeddable":true,"href":"https:\/\/www.caths.cz\/wordpress\/wp-json\/wp\/v2\/tags?post=24467"}],"curies":[{"name":"wp","href":"https:\/\/api.w.org\/{rel}","templated":true}]}}