{"id":24462,"date":"2017-06-30T06:28:48","date_gmt":"2017-06-30T05:28:48","guid":{"rendered":"http:\/\/www.caths.cz\/wordpress\/?p=24462"},"modified":"2017-06-30T06:28:48","modified_gmt":"2017-06-30T05:28:48","slug":"nizozemsky-emmen-hosti-finalovy-zavod-svetoveho-poharu-handicapovanych-cyklistu","status":"publish","type":"post","link":"https:\/\/www.caths.cz\/wordpress\/nizozemsky-emmen-hosti-finalovy-zavod-svetoveho-poharu-handicapovanych-cyklistu\/","title":{"rendered":"Nizozemsk\u00fd Emmen host\u00ed fin\u00e1lov\u00fd z\u00e1vod Sv\u011btov\u00e9ho poh\u00e1ru handicapovan\u00fdch cyklist\u016f!"},"content":{"rendered":"<p>T\u0159et\u00ed a z\u00e1rove\u0148 i z\u00e1v\u011bre\u010dn\u00fd podnik Sv\u011btov\u00e9ho poh\u00e1ru v\u00a0cyklistice handicapovan\u00fdch se uskute\u010dn\u00ed v\u00a0nizozemsk\u00e9m m\u011bst\u011b Emmen.<\/p>\n<p>V\u00a0prvn\u00ed sv\u011btov\u00e9 p\u011btce\u00a0celkov\u00e9ho po\u0159ad\u00ed Sv\u011btov\u00e9ho poh\u00e1ru 2017, ve sv\u00fdch kategori\u00edch, figuruj\u00ed hned t\u0159i \u010de\u0161t\u00ed reprezentanti: handbiker Patrik Jahoda (kategorie H1), Ivo Koblasa (C2) a zku\u0161en\u00fd Ji\u0159\u00ed Je\u017eek (C4).<\/p>\n<p>\u010cesk\u00e1 reprezentace odcestovala do Holandska ve st\u0159edu, z\u00e1vody za\u010d\u00ednaj\u00ed v\u00a0p\u00e1tek \u010dasovkou jednotlivc\u016f a pokra\u010duj\u00ed v\u00edkendov\u00fdmi silni\u010dn\u00edmi z\u00e1vody.<\/p>\n<p><a href=\"http:\/\/www.caths.cz\/wordpress\/wp-content\/uploads\/2017\/05\/IMG_2984.jpg\"><img loading=\"lazy\" decoding=\"async\" class=\"alignnone size-full wp-image-24376\" src=\"http:\/\/www.caths.cz\/wordpress\/wp-content\/uploads\/2017\/05\/IMG_2984.jpg\" alt=\"IMG_2984\" width=\"768\" height=\"768\" srcset=\"https:\/\/www.caths.cz\/wordpress\/wp-content\/uploads\/2017\/05\/IMG_2984.jpg 768w, https:\/\/www.caths.cz\/wordpress\/wp-content\/uploads\/2017\/05\/IMG_2984-150x150.jpg 150w, https:\/\/www.caths.cz\/wordpress\/wp-content\/uploads\/2017\/05\/IMG_2984-300x300.jpg 300w, https:\/\/www.caths.cz\/wordpress\/wp-content\/uploads\/2017\/05\/IMG_2984-100x100.jpg 100w, https:\/\/www.caths.cz\/wordpress\/wp-content\/uploads\/2017\/05\/IMG_2984-120x120.jpg 120w\" sizes=\"auto, (max-width: 768px) 100vw, 768px\" \/><\/a><\/p>\n","protected":false},"excerpt":{"rendered":"<a href=\"https:\/\/www.caths.cz\/wordpress\/nizozemsky-emmen-hosti-finalovy-zavod-svetoveho-poharu-handicapovanych-cyklistu\/\"><img loading=\"lazy\" decoding=\"async\" width=\"100\" height=\"100\" src=\"https:\/\/www.caths.cz\/wordpress\/wp-content\/plugins\/thumbnail-for-excerpts\/tfe_no_thumb.png\" class=\"alignleft wp-post-image tfe\" alt=\"\" title=\"\" \/><\/a><p>T\u0159et\u00ed a z\u00e1rove\u0148 i z\u00e1v\u011bre\u010dn\u00fd podnik Sv\u011btov\u00e9ho poh\u00e1ru v\u00a0cyklistice handicapovan\u00fdch se uskute\u010dn\u00ed v\u00a0nizozemsk\u00e9m m\u011bst\u011b Emmen. V\u00a0prvn\u00ed sv\u011btov\u00e9 p\u011btce\u00a0celkov\u00e9ho po\u0159ad\u00ed Sv\u011btov\u00e9ho poh\u00e1ru 2017, ve sv\u00fdch kategori\u00edch, figuruj\u00ed hned t\u0159i \u010de\u0161t\u00ed reprezentanti: [&hellip;]<\/p>\n","protected":false},"author":1,"featured_media":0,"comment_status":"closed","ping_status":"closed","sticky":false,"template":"","format":"standard","meta":{"ngg_post_thumbnail":0,"footnotes":""},"categories":[2],"tags":[],"class_list":["post-24462","post","type-post","status-publish","format-standard","hentry","category-cyklistika"],"_links":{"self":[{"href":"https:\/\/www.caths.cz\/wordpress\/wp-json\/wp\/v2\/posts\/24462","targetHints":{"allow":["GET"]}}],"collection":[{"href":"https:\/\/www.caths.cz\/wordpress\/wp-json\/wp\/v2\/posts"}],"about":[{"href":"https:\/\/www.caths.cz\/wordpress\/wp-json\/wp\/v2\/types\/post"}],"author":[{"embeddable":true,"href":"https:\/\/www.caths.cz\/wordpress\/wp-json\/wp\/v2\/users\/1"}],"replies":[{"embeddable":true,"href":"https:\/\/www.caths.cz\/wordpress\/wp-json\/wp\/v2\/comments?post=24462"}],"version-history":[{"count":1,"href":"https:\/\/www.caths.cz\/wordpress\/wp-json\/wp\/v2\/posts\/24462\/revisions"}],"predecessor-version":[{"id":24463,"href":"https:\/\/www.caths.cz\/wordpress\/wp-json\/wp\/v2\/posts\/24462\/revisions\/24463"}],"wp:attachment":[{"href":"https:\/\/www.caths.cz\/wordpress\/wp-json\/wp\/v2\/media?parent=24462"}],"wp:term":[{"taxonomy":"category","embeddable":true,"href":"https:\/\/www.caths.cz\/wordpress\/wp-json\/wp\/v2\/categories?post=24462"},{"taxonomy":"post_tag","embeddable":true,"href":"https:\/\/www.caths.cz\/wordpress\/wp-json\/wp\/v2\/tags?post=24462"}],"curies":[{"name":"wp","href":"https:\/\/api.w.org\/{rel}","templated":true}]}}