{"id":24446,"date":"2017-06-19T17:41:58","date_gmt":"2017-06-19T16:41:58","guid":{"rendered":"http:\/\/www.caths.cz\/wordpress\/?p=24446"},"modified":"2017-06-19T17:41:58","modified_gmt":"2017-06-19T16:41:58","slug":"patrik-jahoda-zvitezil-v-casovce-na-ehc-louny-antal-v-kriteriu-stribrny","status":"publish","type":"post","link":"https:\/\/www.caths.cz\/wordpress\/patrik-jahoda-zvitezil-v-casovce-na-ehc-louny-antal-v-kriteriu-stribrny\/","title":{"rendered":"Patrik Jahoda zv\u00edt\u011bzil v \u010dasovce na EHC Louny, Antal v krit\u00e9riu st\u0159\u00edbrn\u00fd!"},"content":{"rendered":"<p>Tradi\u010dn\u00ed mezin\u00e1rodn\u00ed z\u00e1vod handbik\u016f v Lounech prob\u011bhl tuto sobotu ji\u017e po popatn\u00e1ct\u00e9 a za \u00fa\u010dasti v\u00edce jak \u0161esti des\u00edtek z\u00e1vodn\u00edk\u016f.<\/p>\n<p>Na start se postavila \u0159ada \u010desk\u00fdch z\u00e1vodn\u00edk\u016f, mezi nimi\u017e nechyb\u011bl ani z\u00e1vodn\u00edk t\u00fdmu Nutrend Specialized Racing Patrik Jahoda. Patrikovi se da\u0159ilo v dopoledn\u00ed \u010dasovce kategorie H1, kde dok\u00e1zal porazit sv\u00e9ho v\u011b\u010dn\u00e9ho soupe\u0159e ze \u0160v\u00fdcarska Benjamina Fruha a zaslou\u017een\u011b vybojoval prvn\u00ed m\u00edsto.<\/p>\n<p>Dal\u0161\u00ed z \u010cech\u016f v \u010dasovce kategorie H3 stanul na stupn\u00edch v\u00edt\u011bz\u016f po v\u00fdborn\u00e9m v\u00fdkonu V\u00e1clav Antal, kter\u00fd nesta\u010dil pouze na Raku\u0161ana Ablingera a Pol\u00e1ka Szumiece. V \u010dasovce se prosadil i Miroslav \u0160ulc, kter\u00fd vybojoval v kategorii H4 velmi p\u011bkn\u00e9 5.m\u00edsto.<\/p>\n<p>V silni\u010dn\u00edm krit\u00e9riu se v kategorii H1 naopak v\u00edce da\u0159ilo \u0161v\u00fdcarsk\u00e9mu z\u00e1vodn\u00edkovi a Patrik Jahoda skon\u010dil na druh\u00e9 p\u0159\u00ed\u010dce.<\/p>\n<p>Patrik na sv\u00e9m FB zhodnotil sv\u016fj sobotn\u00ed v\u00fdkon: <em>&#8222;Dva z\u00e1vody v jednom dni, co\u017e mi nikdy moc nesed\u011blo. Soust\u0159edil jsem se sp\u00ed\u0161 na \u010dasovku, kter\u00e1 se jela r\u00e1no. Kone\u010dn\u011b se mi tenhle rok povedlo spr\u00e1vn\u011b rozvrhnout s\u00edly a n\u011bco po\u0161et\u0159it do druh\u00e9 \u010d\u00e1sti \u010dasovky, kter\u00e1 byla do kopce a proti v\u011btru. Povedlo se mi vyhr\u00e1t o 21 vte\u0159in p\u0159ed Beni Fr\u00fchem, sou\u010dasn\u00fdm vedouc\u00edm sv\u011btov\u00e9ho poh\u00e1ru. Odpoledn\u00ed m\u011bstsk\u00e9 kriterium dopadlo h\u016f\u0159e. \u00danava byla zn\u00e1t a tra\u0165 mi profilem zrovna nesed\u011bla. Prvn\u00ed dv\u011b kola jsem se je\u0161t\u011b dok\u00e1zal dr\u017eet za Fr\u00fchem, ale u\u017e jsem nedok\u00e1zal likvidovat jeho \u00fatoky a skon\u010dil jsem v poli pora\u017een\u00fdch. Za 14 dn\u00ed posledn\u00ed z\u00e1vod sv\u011btov\u00e9ho poh\u00e1ru v Nizozem\u00ed, tak snad jim tam vr\u00e1t\u00edm ty brambory z p\u0159ede\u0161l\u00fdch z\u00e1vod\u016f SP.&#8220;<\/em><\/p>\n<p>Naopak l\u00e9pe se v silni\u010dn\u00edm krit\u00e9riu ne\u017e v \u010dasovce da\u0159ilo Va\u0161kovi Antalovi v kategorii H3, kdy\u017e za sebou nechal cel\u00e9 startovn\u00ed pole krom\u011b Ablingera a zisk st\u0159\u00edbrn\u00e9 medaile je pro n\u011bj obrovsk\u00fd \u00fasp\u011bch.<\/p>\n<p>Miroslav \u0160ulc si dojel v krit\u00e9riu H4 pro \u0161est\u00e9 m\u00edsto.<\/p>\n<p>Kompletn\u00ed v\u00fdsledky <a href=\"http:\/\/www.championchip.cz\/akce\/2017061720\">ZDE<\/a><\/p>\n<p><img loading=\"lazy\" decoding=\"async\" class=\"alignnone size-full wp-image-4605\" src=\"http:\/\/www.skcpraha.cz\/wp-content\/uploads\/2017\/06\/patrik-jahoda.jpg\" alt=\"\" width=\"960\" height=\"720\" \/><\/p>\n","protected":false},"excerpt":{"rendered":"<a href=\"https:\/\/www.caths.cz\/wordpress\/patrik-jahoda-zvitezil-v-casovce-na-ehc-louny-antal-v-kriteriu-stribrny\/\"><img loading=\"lazy\" decoding=\"async\" width=\"100\" height=\"100\" src=\"https:\/\/www.caths.cz\/wordpress\/wp-content\/plugins\/thumbnail-for-excerpts\/tfe_no_thumb.png\" class=\"alignleft wp-post-image tfe\" alt=\"\" title=\"\" \/><\/a><p>Tradi\u010dn\u00ed mezin\u00e1rodn\u00ed z\u00e1vod handbik\u016f v Lounech prob\u011bhl tuto sobotu ji\u017e po popatn\u00e1ct\u00e9 a za \u00fa\u010dasti v\u00edce jak \u0161esti des\u00edtek z\u00e1vodn\u00edk\u016f. Na start se postavila \u0159ada \u010desk\u00fdch z\u00e1vodn\u00edk\u016f, mezi nimi\u017e nechyb\u011bl [&hellip;]<\/p>\n","protected":false},"author":1,"featured_media":0,"comment_status":"closed","ping_status":"closed","sticky":false,"template":"","format":"standard","meta":{"ngg_post_thumbnail":0,"footnotes":""},"categories":[9],"tags":[],"class_list":["post-24446","post","type-post","status-publish","format-standard","hentry","category-handbike"],"_links":{"self":[{"href":"https:\/\/www.caths.cz\/wordpress\/wp-json\/wp\/v2\/posts\/24446","targetHints":{"allow":["GET"]}}],"collection":[{"href":"https:\/\/www.caths.cz\/wordpress\/wp-json\/wp\/v2\/posts"}],"about":[{"href":"https:\/\/www.caths.cz\/wordpress\/wp-json\/wp\/v2\/types\/post"}],"author":[{"embeddable":true,"href":"https:\/\/www.caths.cz\/wordpress\/wp-json\/wp\/v2\/users\/1"}],"replies":[{"embeddable":true,"href":"https:\/\/www.caths.cz\/wordpress\/wp-json\/wp\/v2\/comments?post=24446"}],"version-history":[{"count":1,"href":"https:\/\/www.caths.cz\/wordpress\/wp-json\/wp\/v2\/posts\/24446\/revisions"}],"predecessor-version":[{"id":24447,"href":"https:\/\/www.caths.cz\/wordpress\/wp-json\/wp\/v2\/posts\/24446\/revisions\/24447"}],"wp:attachment":[{"href":"https:\/\/www.caths.cz\/wordpress\/wp-json\/wp\/v2\/media?parent=24446"}],"wp:term":[{"taxonomy":"category","embeddable":true,"href":"https:\/\/www.caths.cz\/wordpress\/wp-json\/wp\/v2\/categories?post=24446"},{"taxonomy":"post_tag","embeddable":true,"href":"https:\/\/www.caths.cz\/wordpress\/wp-json\/wp\/v2\/tags?post=24446"}],"curies":[{"name":"wp","href":"https:\/\/api.w.org\/{rel}","templated":true}]}}