{"id":24440,"date":"2017-06-19T17:17:03","date_gmt":"2017-06-19T16:17:03","guid":{"rendered":"http:\/\/www.caths.cz\/wordpress\/?p=24440"},"modified":"2017-06-19T17:17:03","modified_gmt":"2017-06-19T16:17:03","slug":"mladi-atleti-caths-se-predstavili-na-evropskych-hrach-v-brne","status":"publish","type":"post","link":"https:\/\/www.caths.cz\/wordpress\/mladi-atleti-caths-se-predstavili-na-evropskych-hrach-v-brne\/","title":{"rendered":"Mlad\u00ed atleti \u010cATHS se p\u0159edstavili na Evropsk\u00fdch hr\u00e1ch v Brn\u011b"},"content":{"rendered":"<p>Ve dnech 8 a 9. 6 se na\u0161\u00ed ml\u00e1d\u00ed atleti z\u00fa\u010dastnili\u00a0 mezin\u00e1rodn\u00edch z\u00e1vod\u016f Emil Open v Brn\u011b. Celkem 10 atlet\u016f\u00a0 9 d\u011bv\u010dat a 1 kluk, kter\u00fd byl z\u00e1rove\u0148 nejmlad\u0161\u00edm \u010dlenem t\u00fdmu, bojovalo o medaile ve sv\u00fdch discipl\u00edn\u00e1ch. Ve \u010dtvrtek prob\u00edhala kvalifikace, kdy se poda\u0159ilo v\u0161em postoupit do p\u00e1te\u010dn\u00edch fin\u00e1lov\u00fdch z\u00e1vod\u016f a zde vybojovali 9 cenn\u00fdch kov\u016f.<\/p>\n<p><strong>Vrh koul\u00ed:<\/strong><\/p>\n<p>Marcan\u00edkov\u00e1\u00a0 Anna \u00a0&#8211; zlato<br \/>\nMuzikov\u00e1 Anna \u00a0&#8211; bronz<br \/>\nNov\u00e1kov\u00e1 Kate\u0159ina \u00a0&#8211; zlato<br \/>\nMo\u0161evsk\u00e1\u00a0 Roz\u00e1rie &#8211; bronz<\/p>\n<p><strong>M\u00ed\u010dek 350g<\/strong><\/p>\n<p>Muzikov\u00e1 Anna \u2013 zlato<br \/>\nMarcan\u00edkov\u00e1\u00a0 Anna &#8211; st\u0159\u00edbro<br \/>\nSekyrov\u00e1 Ad\u00e9la &#8211; 4 m\u00edsto<\/p>\n<p><strong>M\u00ed\u010dek 150 g<\/strong><\/p>\n<p>Sekyrov\u00e1 Ad\u00e9la \u2013bronz<br \/>\nUt\u00edkal Vojt\u011bch &#8211; bronz<\/p>\n<p><strong>100m <\/strong><\/p>\n<p>Ut\u00edkal Vojt\u011bch &#8211; bronz<\/p>\n<p>V\u0161em moc gratulujeme<\/p>\n<p><a href=\"http:\/\/www.caths.cz\/wordpress\/wp-content\/uploads\/2017\/06\/19349264_1715156948787434_1152594166_o.jpg\"><img loading=\"lazy\" decoding=\"async\" class=\"alignnone size-large wp-image-24441\" src=\"http:\/\/www.caths.cz\/wordpress\/wp-content\/uploads\/2017\/06\/19349264_1715156948787434_1152594166_o-1024x768.jpg\" alt=\"19349264_1715156948787434_1152594166_o\" width=\"600\" height=\"450\" srcset=\"https:\/\/www.caths.cz\/wordpress\/wp-content\/uploads\/2017\/06\/19349264_1715156948787434_1152594166_o-1024x768.jpg 1024w, https:\/\/www.caths.cz\/wordpress\/wp-content\/uploads\/2017\/06\/19349264_1715156948787434_1152594166_o-300x225.jpg 300w, https:\/\/www.caths.cz\/wordpress\/wp-content\/uploads\/2017\/06\/19349264_1715156948787434_1152594166_o-120x90.jpg 120w, https:\/\/www.caths.cz\/wordpress\/wp-content\/uploads\/2017\/06\/19349264_1715156948787434_1152594166_o.jpg 2048w\" sizes=\"auto, (max-width: 600px) 100vw, 600px\" \/><\/a><\/p>\n<p>&nbsp;<\/p>\n","protected":false},"excerpt":{"rendered":"<a href=\"https:\/\/www.caths.cz\/wordpress\/mladi-atleti-caths-se-predstavili-na-evropskych-hrach-v-brne\/\"><img width=\"100\" height=\"100\" src=\"https:\/\/www.caths.cz\/wordpress\/wp-content\/uploads\/2017\/06\/19349264_1715156948787434_1152594166_o-100x100.jpg\" class=\"alignleft tfe wp-post-image\" alt=\"\" decoding=\"async\" loading=\"lazy\" srcset=\"https:\/\/www.caths.cz\/wordpress\/wp-content\/uploads\/2017\/06\/19349264_1715156948787434_1152594166_o-100x100.jpg 100w, https:\/\/www.caths.cz\/wordpress\/wp-content\/uploads\/2017\/06\/19349264_1715156948787434_1152594166_o-150x150.jpg 150w\" sizes=\"auto, (max-width: 100px) 100vw, 100px\" \/><\/a><p>Ve dnech 8 a 9. 6 se na\u0161\u00ed ml\u00e1d\u00ed atleti z\u00fa\u010dastnili\u00a0 mezin\u00e1rodn\u00edch z\u00e1vod\u016f Emil Open v Brn\u011b. Celkem 10 atlet\u016f\u00a0 9 d\u011bv\u010dat a 1 kluk, kter\u00fd byl z\u00e1rove\u0148 nejmlad\u0161\u00edm \u010dlenem [&hellip;]<\/p>\n","protected":false},"author":1,"featured_media":24441,"comment_status":"closed","ping_status":"closed","sticky":false,"template":"","format":"standard","meta":{"ngg_post_thumbnail":0,"footnotes":""},"categories":[5],"tags":[],"class_list":["post-24440","post","type-post","status-publish","format-standard","has-post-thumbnail","hentry","category-atletika"],"_links":{"self":[{"href":"https:\/\/www.caths.cz\/wordpress\/wp-json\/wp\/v2\/posts\/24440","targetHints":{"allow":["GET"]}}],"collection":[{"href":"https:\/\/www.caths.cz\/wordpress\/wp-json\/wp\/v2\/posts"}],"about":[{"href":"https:\/\/www.caths.cz\/wordpress\/wp-json\/wp\/v2\/types\/post"}],"author":[{"embeddable":true,"href":"https:\/\/www.caths.cz\/wordpress\/wp-json\/wp\/v2\/users\/1"}],"replies":[{"embeddable":true,"href":"https:\/\/www.caths.cz\/wordpress\/wp-json\/wp\/v2\/comments?post=24440"}],"version-history":[{"count":1,"href":"https:\/\/www.caths.cz\/wordpress\/wp-json\/wp\/v2\/posts\/24440\/revisions"}],"predecessor-version":[{"id":24442,"href":"https:\/\/www.caths.cz\/wordpress\/wp-json\/wp\/v2\/posts\/24440\/revisions\/24442"}],"wp:featuredmedia":[{"embeddable":true,"href":"https:\/\/www.caths.cz\/wordpress\/wp-json\/wp\/v2\/media\/24441"}],"wp:attachment":[{"href":"https:\/\/www.caths.cz\/wordpress\/wp-json\/wp\/v2\/media?parent=24440"}],"wp:term":[{"taxonomy":"category","embeddable":true,"href":"https:\/\/www.caths.cz\/wordpress\/wp-json\/wp\/v2\/categories?post=24440"},{"taxonomy":"post_tag","embeddable":true,"href":"https:\/\/www.caths.cz\/wordpress\/wp-json\/wp\/v2\/tags?post=24440"}],"curies":[{"name":"wp","href":"https:\/\/api.w.org\/{rel}","templated":true}]}}