{"id":24435,"date":"2017-06-17T21:40:02","date_gmt":"2017-06-17T20:40:02","guid":{"rendered":"http:\/\/www.caths.cz\/wordpress\/?p=24435"},"modified":"2017-06-17T21:40:02","modified_gmt":"2017-06-17T20:40:02","slug":"pripravna-utkani-narodniho-tymu","status":"publish","type":"post","link":"https:\/\/www.caths.cz\/wordpress\/pripravna-utkani-narodniho-tymu\/","title":{"rendered":"P\u0159\u00edpravn\u00e1 utk\u00e1n\u00ed n\u00e1rodn\u00edho t\u00fdmu"},"content":{"rendered":"<p>V p\u00e1tek 9.6.2017 se v Brn\u011b se\u0161li \u010de\u0161t\u00ed reprezentanti ke spole\u010dn\u00e9mu tr\u00e9ninku, aby hned v sobotu vycestovali do sousedn\u00edho Rakouska k p\u0159\u00edpravn\u00fdm utk\u00e1n\u00edm, ve kter\u00fdch se vedle dom\u00e1c\u00edho v\u00fdb\u011bru utkali s n\u00e1rodn\u00edm t\u00fdmem \u0160v\u00fdcarska.<\/p>\n<p>V\u00fdsledky:<br \/>\n\u010cR 70 : 59 Rakousko<br \/>\n\u010cR 51 : 76 \u0160v\u00fdcarsko<\/p>\n<p><a href=\"http:\/\/www.caths.cz\/wordpress\/wp-content\/uploads\/2017\/06\/narodni-tym.jpg\"><img loading=\"lazy\" decoding=\"async\" class=\"alignnone size-full wp-image-24436\" src=\"http:\/\/www.caths.cz\/wordpress\/wp-content\/uploads\/2017\/06\/narodni-tym.jpg\" alt=\"narodni tym\" width=\"620\" height=\"310\" srcset=\"https:\/\/www.caths.cz\/wordpress\/wp-content\/uploads\/2017\/06\/narodni-tym.jpg 620w, https:\/\/www.caths.cz\/wordpress\/wp-content\/uploads\/2017\/06\/narodni-tym-300x150.jpg 300w, https:\/\/www.caths.cz\/wordpress\/wp-content\/uploads\/2017\/06\/narodni-tym-120x60.jpg 120w\" sizes=\"auto, (max-width: 620px) 100vw, 620px\" \/><\/a><\/p>\n","protected":false},"excerpt":{"rendered":"<a href=\"https:\/\/www.caths.cz\/wordpress\/pripravna-utkani-narodniho-tymu\/\"><img width=\"100\" height=\"100\" src=\"https:\/\/www.caths.cz\/wordpress\/wp-content\/uploads\/2017\/06\/narodni-tym-100x100.jpg\" class=\"alignleft tfe wp-post-image\" alt=\"\" decoding=\"async\" loading=\"lazy\" srcset=\"https:\/\/www.caths.cz\/wordpress\/wp-content\/uploads\/2017\/06\/narodni-tym-100x100.jpg 100w, https:\/\/www.caths.cz\/wordpress\/wp-content\/uploads\/2017\/06\/narodni-tym-150x150.jpg 150w\" sizes=\"auto, (max-width: 100px) 100vw, 100px\" \/><\/a><p>V p\u00e1tek 9.6.2017 se v Brn\u011b se\u0161li \u010de\u0161t\u00ed reprezentanti ke spole\u010dn\u00e9mu tr\u00e9ninku, aby hned v sobotu vycestovali do sousedn\u00edho Rakouska k p\u0159\u00edpravn\u00fdm utk\u00e1n\u00edm, ve kter\u00fdch se vedle dom\u00e1c\u00edho v\u00fdb\u011bru utkali [&hellip;]<\/p>\n","protected":false},"author":1,"featured_media":24436,"comment_status":"closed","ping_status":"closed","sticky":false,"template":"","format":"standard","meta":{"ngg_post_thumbnail":0,"footnotes":""},"categories":[97],"tags":[],"class_list":["post-24435","post","type-post","status-publish","format-standard","has-post-thumbnail","hentry","category-basketbal"],"_links":{"self":[{"href":"https:\/\/www.caths.cz\/wordpress\/wp-json\/wp\/v2\/posts\/24435","targetHints":{"allow":["GET"]}}],"collection":[{"href":"https:\/\/www.caths.cz\/wordpress\/wp-json\/wp\/v2\/posts"}],"about":[{"href":"https:\/\/www.caths.cz\/wordpress\/wp-json\/wp\/v2\/types\/post"}],"author":[{"embeddable":true,"href":"https:\/\/www.caths.cz\/wordpress\/wp-json\/wp\/v2\/users\/1"}],"replies":[{"embeddable":true,"href":"https:\/\/www.caths.cz\/wordpress\/wp-json\/wp\/v2\/comments?post=24435"}],"version-history":[{"count":1,"href":"https:\/\/www.caths.cz\/wordpress\/wp-json\/wp\/v2\/posts\/24435\/revisions"}],"predecessor-version":[{"id":24437,"href":"https:\/\/www.caths.cz\/wordpress\/wp-json\/wp\/v2\/posts\/24435\/revisions\/24437"}],"wp:featuredmedia":[{"embeddable":true,"href":"https:\/\/www.caths.cz\/wordpress\/wp-json\/wp\/v2\/media\/24436"}],"wp:attachment":[{"href":"https:\/\/www.caths.cz\/wordpress\/wp-json\/wp\/v2\/media?parent=24435"}],"wp:term":[{"taxonomy":"category","embeddable":true,"href":"https:\/\/www.caths.cz\/wordpress\/wp-json\/wp\/v2\/categories?post=24435"},{"taxonomy":"post_tag","embeddable":true,"href":"https:\/\/www.caths.cz\/wordpress\/wp-json\/wp\/v2\/tags?post=24435"}],"curies":[{"name":"wp","href":"https:\/\/api.w.org\/{rel}","templated":true}]}}