{"id":2430,"date":"2012-12-31T10:14:31","date_gmt":"2012-12-31T09:14:31","guid":{"rendered":"http:\/\/www.caths.cz\/wordpress\/?p=2430"},"modified":"2012-12-31T10:14:31","modified_gmt":"2012-12-31T09:14:31","slug":"vanocni-otazka-jaky-byl-pro-vas-rok-2012-a-jaky-by-mel-byt-ten-dalsi","status":"publish","type":"post","link":"https:\/\/www.caths.cz\/wordpress\/vanocni-otazka-jaky-byl-pro-vas-rok-2012-a-jaky-by-mel-byt-ten-dalsi\/","title":{"rendered":"V\u00e1no\u010dn\u00ed ot\u00e1zka: Jak\u00fd byl pro V\u00e1s rok 2012 a jak\u00fd by m\u011bl b\u00fdt ten dal\u0161\u00ed?"},"content":{"rendered":"<p align=\"justify\">   Bl\u00ed\u017e\u00ed se n\u00e1m konec roku 2012 a tedy chv\u00edle na bilancov\u00e1n\u00ed \u010di hodnocen\u00ed uplynul\u00e9ho roku.<br \/>\nJako ka\u017ed\u00fd rok i letos jsme oslovili osobnosti sportu handicapovan\u00fdch a polo\u017eili jsme jim ot\u00e1zku:<br \/>\n<br \/>\nJak\u00fd byl pro V\u00e1s rok 2012 a jak\u00fd by m\u011bl b\u00fdt ten dal\u0161\u00ed?<br \/>\n<br \/>\nOdpov\u011bdi budou zve\u0159ej\u0148ov\u00e1ny na webov\u00fdch str\u00e1nk\u00e1ch www.caths.cz v pr\u016fb\u011bhu n\u00e1sleduj\u00edc\u00edch dn\u016f.\n<\/p>\n<p align=\"justify\">R\u00e1d bych pod\u011bkoval v\u0161em, kte\u0159\u00ed mi pomohli pro\u017e\u00edt dal\u0161\u00ed \u00fa\u017easn\u00fd rok! A \u017ee byl opravdu \u00fa\u017easn\u00fd! Ob\u010das dole, ob\u010das naho\u0159e, a n\u011bkolikr\u00e1t dokonce hodn\u011b naho\u0159e&#8230; \ud83d\ude09 <\/p>\n<p> Jsem vd\u011b\u010dn\u00fd, \u017ee jsem ten rok mohl pro\u017e\u00edt po boku moj\u00ed milovan\u00e9 man\u017eelky a se sv\u00fdmi p\u0159\u00e1teli. <\/p>\n<p> Jsem vd\u011b\u010dn\u00fd, \u017ee jsem m\u011bl kolem sebe spoustu lid\u00ed. Douf\u00e1m, \u017ee se mi lond\u00fdnsk\u00fdm zlatem poda\u0159ilo alespo\u0148 trochu pod\u011bkovat v\u0161em, kte\u0159\u00ed mi fand\u00ed a podporuj\u00ed m\u011b. <\/p>\n<p> A proto\u017ee toto p\u0159\u00e1n\u00ed p\u00ed\u0161u pro www.caths.cz, dovolte mi speci\u00e1ln\u011b pod\u011bkovat Jarce Krakovi\u010dov\u00e9 a Viktorovi Zapletalovi. Za jejich nasazen\u00ed a za pr\u00e1ci, kterou pro n\u00e1\u0161 sport d\u011blaj\u00ed! \u017de dok\u00e1\u017e\u00ed spr\u00e1vn\u011b &#8222;zblbnout&#8220; a strhnout i ostatn\u00ed ve sv\u00e9m okol\u00ed. A tak se d\u00edky v\u0161em op\u011bt potvrdilo, \u017ee Asociace je v sou\u010dasnosti zdaleka nejefektivn\u011bj\u0161\u00ed a nejmodern\u011bj\u0161\u00ed organizac\u00ed sportu hendikepovan\u00fdch. A to p\u0159es v\u0161echny &#8222;klacky pod nohama&#8220; a &#8222;okopan\u00e9 kotn\u00edky&#8220;&#8230; <\/p>\n<p> Do nast\u00e1vaj\u00edc\u00edho roku 2013 bych r\u00e1d pop\u0159\u00e1l v\u0161em hodn\u011b radosti ze sportu i z p\u0159\u00e1telstv\u00ed, spokojen\u00fd \u017eivot a pohodu! Sportovc\u016fm a tren\u00e9r\u016fm nav\u00edc p\u0159eji aspo\u0148 trochu slu\u0161n\u00e9 podm\u00ednky p\u0159\u00edpravy a kapku \u0161t\u011bst\u00ed, a\u0165 m\u016f\u017eeme i nad\u00e1le p\u0159in\u00e1\u0161et radost sami sob\u011b, ale i lidem, kte\u0159\u00ed n\u00e1m pom\u00e1haj\u00ed! Kr\u00e1sn\u00fd Nov\u00fd rok!!! <\/p>\n<p> Jirka Je\u017eek <\/p>\n<p> <img decoding=\"async\" src=\"\/wordpress\/image\/sekretarky\/otazka2012\/jezek.jpg\"><\/p>\n","protected":false},"excerpt":{"rendered":"<a href=\"https:\/\/www.caths.cz\/wordpress\/vanocni-otazka-jaky-byl-pro-vas-rok-2012-a-jaky-by-mel-byt-ten-dalsi\/\"><img loading=\"lazy\" decoding=\"async\" width=\"100\" height=\"100\" src=\"https:\/\/www.caths.cz\/wordpress\/wp-content\/plugins\/thumbnail-for-excerpts\/tfe_no_thumb.png\" class=\"alignleft wp-post-image tfe\" alt=\"\" title=\"\" \/><\/a><p>Bl\u00ed\u017e\u00ed se n\u00e1m konec roku 2012 a tedy chv\u00edle na bilancov\u00e1n\u00ed \u010di hodnocen\u00ed uplynul\u00e9ho roku. Jako ka\u017ed\u00fd rok i letos jsme oslovili osobnosti sportu handicapovan\u00fdch a polo\u017eili jsme jim ot\u00e1zku: [&hellip;]<\/p>\n","protected":false},"author":1,"featured_media":0,"comment_status":"closed","ping_status":"closed","sticky":false,"template":"","format":"standard","meta":{"ngg_post_thumbnail":0,"footnotes":""},"categories":[6],"tags":[],"class_list":["post-2430","post","type-post","status-publish","format-standard","hentry","category-caths-info"],"_links":{"self":[{"href":"https:\/\/www.caths.cz\/wordpress\/wp-json\/wp\/v2\/posts\/2430","targetHints":{"allow":["GET"]}}],"collection":[{"href":"https:\/\/www.caths.cz\/wordpress\/wp-json\/wp\/v2\/posts"}],"about":[{"href":"https:\/\/www.caths.cz\/wordpress\/wp-json\/wp\/v2\/types\/post"}],"author":[{"embeddable":true,"href":"https:\/\/www.caths.cz\/wordpress\/wp-json\/wp\/v2\/users\/1"}],"replies":[{"embeddable":true,"href":"https:\/\/www.caths.cz\/wordpress\/wp-json\/wp\/v2\/comments?post=2430"}],"version-history":[{"count":0,"href":"https:\/\/www.caths.cz\/wordpress\/wp-json\/wp\/v2\/posts\/2430\/revisions"}],"wp:attachment":[{"href":"https:\/\/www.caths.cz\/wordpress\/wp-json\/wp\/v2\/media?parent=2430"}],"wp:term":[{"taxonomy":"category","embeddable":true,"href":"https:\/\/www.caths.cz\/wordpress\/wp-json\/wp\/v2\/categories?post=2430"},{"taxonomy":"post_tag","embeddable":true,"href":"https:\/\/www.caths.cz\/wordpress\/wp-json\/wp\/v2\/tags?post=2430"}],"curies":[{"name":"wp","href":"https:\/\/api.w.org\/{rel}","templated":true}]}}