{"id":2422,"date":"2012-12-23T23:50:57","date_gmt":"2012-12-23T22:50:57","guid":{"rendered":"http:\/\/www.caths.cz\/wordpress\/?p=2422"},"modified":"2012-12-23T23:50:57","modified_gmt":"2012-12-23T22:50:57","slug":"stastne-a-vesele","status":"publish","type":"post","link":"https:\/\/www.caths.cz\/wordpress\/stastne-a-vesele\/","title":{"rendered":"\u0160\u0165astn\u00e9 a vesel\u00e9!!"},"content":{"rendered":"<p><strong><em>P\u0159ejeme V\u00e1m v\u0161em klidn\u00e9 pro\u017eit\u00ed V\u00e1no\u010dn\u00edch sv\u00e1tk\u016f a hodn\u011b zdrav\u00ed, \u0161t\u011bst\u00ed a \u00fasp\u011bch\u016f v roce 2013<\/p>\n<p> Redak\u010dn\u00ed rada www.caths.cz<br \/> <\/strong><\/em><\/p>\n<p> <img decoding=\"async\" src=\"\/wordpress\/image\/sekretarky\/PF 2013_CATHS.jpg\"><\/p>\n","protected":false},"excerpt":{"rendered":"<a href=\"https:\/\/www.caths.cz\/wordpress\/stastne-a-vesele\/\"><img loading=\"lazy\" decoding=\"async\" width=\"100\" height=\"100\" src=\"https:\/\/www.caths.cz\/wordpress\/wp-content\/plugins\/thumbnail-for-excerpts\/tfe_no_thumb.png\" class=\"alignleft wp-post-image tfe\" alt=\"\" title=\"\" \/><\/a><p>P\u0159ejeme V\u00e1m v\u0161em klidn\u00e9 pro\u017eit\u00ed V\u00e1no\u010dn\u00edch sv\u00e1tk\u016f a hodn\u011b zdrav\u00ed, \u0161t\u011bst\u00ed a \u00fasp\u011bch\u016f v roce 2013 Redak\u010dn\u00ed rada www.caths.cz<\/p>\n","protected":false},"author":1,"featured_media":0,"comment_status":"closed","ping_status":"closed","sticky":false,"template":"","format":"standard","meta":{"ngg_post_thumbnail":0,"footnotes":""},"categories":[6],"tags":[],"class_list":["post-2422","post","type-post","status-publish","format-standard","hentry","category-caths-info"],"_links":{"self":[{"href":"https:\/\/www.caths.cz\/wordpress\/wp-json\/wp\/v2\/posts\/2422","targetHints":{"allow":["GET"]}}],"collection":[{"href":"https:\/\/www.caths.cz\/wordpress\/wp-json\/wp\/v2\/posts"}],"about":[{"href":"https:\/\/www.caths.cz\/wordpress\/wp-json\/wp\/v2\/types\/post"}],"author":[{"embeddable":true,"href":"https:\/\/www.caths.cz\/wordpress\/wp-json\/wp\/v2\/users\/1"}],"replies":[{"embeddable":true,"href":"https:\/\/www.caths.cz\/wordpress\/wp-json\/wp\/v2\/comments?post=2422"}],"version-history":[{"count":0,"href":"https:\/\/www.caths.cz\/wordpress\/wp-json\/wp\/v2\/posts\/2422\/revisions"}],"wp:attachment":[{"href":"https:\/\/www.caths.cz\/wordpress\/wp-json\/wp\/v2\/media?parent=2422"}],"wp:term":[{"taxonomy":"category","embeddable":true,"href":"https:\/\/www.caths.cz\/wordpress\/wp-json\/wp\/v2\/categories?post=2422"},{"taxonomy":"post_tag","embeddable":true,"href":"https:\/\/www.caths.cz\/wordpress\/wp-json\/wp\/v2\/tags?post=2422"}],"curies":[{"name":"wp","href":"https:\/\/api.w.org\/{rel}","templated":true}]}}