{"id":2408,"date":"2012-12-04T00:12:12","date_gmt":"2012-12-03T23:12:12","guid":{"rendered":"http:\/\/www.caths.cz\/wordpress\/?p=2408"},"modified":"2012-12-04T00:12:12","modified_gmt":"2012-12-03T23:12:12","slug":"informace-o-stavu-jednani-caths-cstps-ke-sjednoceni-tps","status":"publish","type":"post","link":"https:\/\/www.caths.cz\/wordpress\/informace-o-stavu-jednani-caths-cstps-ke-sjednoceni-tps\/","title":{"rendered":"Informace o stavu jedn\u00e1n\u00ed \u010cATHS \u2013 \u010cSTPS ke sjednocen\u00ed TPS"},"content":{"rendered":"<p align=\"justify\">Jak je v\u0161eobecn\u011b zn\u00e1mo, bylo podpisem memoranda mezi \u010cPV, \u010cSTPS a \u010cATHS umo\u017en\u011bno na za\u010d\u00e1tku roku obnoven\u00ed \u0159\u00e1dn\u00e9ho \u010dlenstv\u00ed \u010cR v Mezin\u00e1rodn\u00edm paralympijsk\u00e9m v\u00fdboru. N\u00e1vazn\u011b prob\u011bhla mimo\u0159\u00e1dn\u00e1 valn\u00e1 hromada \u010cATHS, kter\u00e1 po rozs\u00e1hl\u00e9 diskusi dala v\u00fdboru pot\u0159ebn\u00fd mand\u00e1t k jedn\u00e1n\u00edm o sjednocen\u00ed TPS, kter\u00e1 od t\u00e9 doby pr\u016fb\u011b\u017en\u011b prob\u00edhaj\u00ed. Do konce roku, tedy lh\u016fty stanoven\u00e9 pro sjednocen\u00ed memorandem IPC, zb\u00fdv\u00e1 ji\u017e jen jeden m\u011bs\u00edc a \u010cATHS c\u00edt\u00ed pot\u0159ebu o stavu jedn\u00e1n\u00ed informovat.<\/p>\n<p align=\"justify\">Od dubna do listopadu se uskute\u010dnila dlouh\u00e1 \u0159ada osobn\u00edch jedn\u00e1n\u00ed vyjedn\u00e1vac\u00edch t\u00fdm\u016f \u010cATHS a \u010cSTPS a byl vym\u011bn\u011bn bezpo\u010det elektronick\u00fdch dopis\u016f a zpr\u00e1v. Varianty \u0159e\u0161en\u00ed, priority i n\u00e1znaky dohody se p\u0159itom neust\u00e1le m\u011bnily, a tak v \u017e\u00e1dn\u00e9 etap\u011b nebyla situace natolik setrval\u00e1, aby bylo mo\u017en\u00e9 ji popsat, zve\u0159ejnit. P\u0159esto\u017ee tento stav trv\u00e1 i v t\u011bchto dnech, pokus\u00edme se o situa\u010dn\u00ed zpr\u00e1vu ke konci listopadu 2012. <\/p>\n<p> Z \u0159ady navrhovan\u00fdch a zavrhovan\u00fdch zp\u016fsob\u016f sjednocen\u00ed jsou aktu\u00e1ln\u011b otev\u0159en\u00e9 dv\u011b alternativn\u00ed \u0159e\u0161en\u00ed:<\/p>\n<p> <em>Sjednocen\u00ed na b\u00e1zi Smlouvy o sou\u010dinnosti \u010cATHS a \u010cSTPS<\/em><br \/> Tato varianta je relativn\u011b snadno a rychle realizovateln\u00e1, nen\u00ed spojena s likvidac\u00ed obou sdru\u017een\u00ed, ale s jejich transformac\u00ed na dv\u011b komory spole\u010dn\u011b zalo\u017een\u00e9ho nov\u00e9ho svazu, na kter\u00fd \u010cSTPS a \u010cATHS deleguj\u00ed ve\u0161ker\u00e9 sv\u00e9 extern\u00ed kompetence. N\u00e1vrh p\u0159\u00edslu\u0161n\u00e9 smlouvy, zpracovan\u00fd do v\u0161ech detail\u016f advok\u00e1tem \u010cATHS, byl p\u0159ed\u00e1n \u010cSTPS, \u010cPV a IWAS na za\u010d\u00e1tku \u0159\u00edjna. \u010cSTPS dosud jednozna\u010dn\u00e9 stanovisko k tomuto n\u00e1vrhu nezaujal, s poukazem na \u00fadajnou kolizi tohoto \u0159e\u0161en\u00ed se zn\u011bn\u00edm memoranda IPC, konkr\u00e9tn\u011b se slovem \u201eslou\u010den\u00ed\u201c v n\u011bm pou\u017eit\u00e9m, kter\u00e9 \u010cSTPS vykl\u00e1d\u00e1 striktn\u011b jako technick\u00fd term\u00edn a jeho aplikaci obchodn\u00edm pr\u00e1vem \u010cR. \u010cATHS pova\u017euje tento proces sjednocen\u00ed za nad\u00e1le aktu\u00e1ln\u00ed, mimo jin\u00e9 i proto \u017ee jej podporuje M\u0160MT. Zdr\u017eenliv\u011b opa\u010dn\u00fd n\u00e1zor zast\u00e1val pr\u00e1vn\u00edk IPC, kter\u00fd v\u0161ak byl zp\u016fsoben jednostrann\u00fdmi informacemi pr\u00e1vn\u00edka \u010cSTPS. Pr\u00e1vn\u00edk \u010cATHS proto ned\u00e1vno IPC rovn\u011b\u017e informoval o podstat\u011b n\u00e1vrhu \u0159e\u0161en\u00ed. <\/p>\n<p> <em>Sjednocen\u00ed slou\u010den\u00edm \u010cATHS a \u010cSTPS<\/em>, spojen\u00e9 s p\u0159eveden\u00edm \u010dlensk\u00e9 z\u00e1kladny \u010cSTPS do \u010cATHS s t\u00edm, \u017ee jednou z p\u0159edpokl\u00e1dan\u00fdch mimo\u0159\u00e1dn\u00fdch valn\u00fdch hromad bude i VH za \u00fa\u010dasti deleg\u00e1t\u016f obou dne\u0161n\u00edch sdru\u017een\u00ed, kter\u00e1 zvol\u00ed nov\u00e9 slo\u017een\u00ed org\u00e1n\u016f \u010cATHS. Tento na prvn\u00ed pohled vst\u0159\u00edcn\u00fd n\u00e1vrh \u010cSTPS je pro \u010cATHS rovn\u011b\u017e jedn\u00edm z mo\u017en\u00fdch, pokud bude sou\u010d\u00e1st\u00ed dohody i pr\u00e1vn\u00ed jistota stability procesu, zejm\u00e9na z\u00e1brana ovl\u00e1dnut\u00ed a p\u0159evzet\u00ed \u010cATHS nadpolovi\u010dn\u00ed v\u011bt\u0161inou nov\u00fdch \u010dlen\u016f po dobu jednoho funk\u010dn\u00edho obdob\u00ed. Tato jistota je nezbytn\u00e1 vzhledem k dlouhodob\u00e9 a bohu\u017eel st\u00e1le pokra\u010duj\u00edc\u00ed nep\u0159\u00e1telsk\u00e9 kampani veden\u00ed \u010cSTPS, ozna\u010duj\u00edc\u00ed \u010cATHS za p\u0159\u00ed\u010dinu \u201eutrpen\u00ed\u201c \u010dlen\u016f \u010cSTPS, za nelegitimn\u00ed sdru\u017een\u00ed TPS atd. \u010cATHS navrhla dv\u011b alternativy takov\u00e9 pr\u00e1vn\u00ed jistoty, \u010cSTPS dosud ob\u011b zam\u00edtal. Advok\u00e1tka \u010cATHS opakovan\u011b navrhuje advok\u00e1tce \u010cSTPS osobn\u00ed jedn\u00e1n\u00ed k nalezen\u00ed pr\u00e1vn\u00ed jistoty v dan\u00e9 situaci. <br \/> Dal\u0161\u00edm logick\u00fdm p\u0159edpokladem stability sjednocen\u00ed slou\u010den\u00edm je neprodlen\u00e9 ukon\u010den\u00ed mnohalet\u00e9 nep\u0159\u00e1telsk\u00e9 kampan\u011b, veden\u00e9 \u010cSTPS proti \u010cATHS a dostate\u010dn\u00fd pod\u00edl \u010cATHS na vlastn\u00edm spoluur\u010den\u00ed a ovlivn\u011bn\u00ed budouc\u00edho v\u00fdvoje. Mimo jin\u00e9 se jedn\u00e1 o eliminaci uveden\u00e9 politiky sou\u010dasn\u00e9ho veden\u00ed \u010cSTPS v\u016f\u010di \u010cATHS a kompenzov\u00e1n\u00ed sou\u010dasn\u00e9 obstruk\u010dn\u00ed, pov\u00fd\u0161eneck\u00e9 politiky cel\u00e9ho syst\u00e9mu (\u010cSTPS je toti\u017e krom\u011b \u010cATHS tradi\u010dn\u011b \u201ena kordy\u201c i s \u010cPV, nov\u011b kritizuje a pou\u010duje M\u0160MT, p\u00ed\u0161e arogantn\u00ed dopisy na IPC). N\u00e1zorov\u011b se roze\u0161el dokonce i s IWAS, kter\u00fd dlouhodob\u011b pozici \u010cSTPS podporoval a kter\u00fd v srpnu ozn\u00e1mil, \u017ee \u010cSTPS ji\u017e z\u00e1stupcem \u010desk\u00fdch TPS v IWAS nen\u00ed. Odm\u00edt\u00e1n\u00ed finan\u010dn\u00edch prost\u0159edk\u016f za rok 2012 je jedn\u00edm z k\u0159iklav\u00fdch p\u0159\u00edklad\u016f t\u00e9to n\u00e1tlakov\u00e9 politiky \u010cSTPS, kter\u00fdm je nutn\u00e9 v p\u0159\u00edpad\u011b realizace t\u00e9to varianty zcela rozhodn\u011b zabr\u00e1nit.<br \/> Vzhledem k pokro\u010dil\u00e9mu datu je z\u0159ejm\u00e9, \u017ee uskute\u010dn\u011bn\u00ed sjednocen\u00ed v term\u00ednu stanoven\u00e9m memorandem IPC ji\u017e ve smyslu pr\u00e1vn\u00edho \u0159\u00e1du \u010cR nem\u016f\u017ee doj\u00edt ani teoreticky. P\u0159esto je nutn\u00e9 v jedn\u00e1n\u00ed pokra\u010dovat a alespo\u0148 uzav\u0159en\u00edm dohody v term\u00ednu mo\u017enost a zp\u016fsob sjednocen\u00ed dokumentovat. Na stran\u011b pln\u011b funk\u010dn\u00ed a vit\u00e1ln\u00ed \u010cATHS, zabezpe\u010duj\u00edc\u00ed t\u00e9m\u011b\u0159 ve\u0161kerou st\u00e1tn\u00ed reprezentaci TPS, sjednocen\u00edm nevyhnuteln\u011b dojde ke zpomalen\u00ed rozvoje a dal\u0161\u00edm negativn\u00edm vliv\u016fm d\u016fsledk\u016fm. Tuto da\u0148 je sice asi t\u0159eba p\u0159ijmout, nicm\u00e9n\u011b vyjedn\u00e1vac\u00ed t\u00fdm \u010cATHS se \u0159\u00edd\u00ed usnesen\u00edm sv\u00e9 jarn\u00ed VH, po\u017eaduj\u00edc\u00edm minimalizaci t\u011bchto negativn\u00edch vliv\u016f. <\/p>\n<p> V\u00fdkonn\u00fd v\u00fdbor \u010cATHS velmi lituje, \u017ee situa\u010dn\u00ed zpr\u00e1va za vy\u010derp\u00e1vaj\u00edc\u00ed osmim\u011bs\u00ed\u010dn\u00ed obdob\u00ed nen\u00ed optimisti\u010dt\u011bj\u0161\u00ed. \u00dat\u011bchou v na\u0161em sna\u017een\u00ed je, \u017ee se n\u00e1m spole\u010dn\u011b poda\u0159ilo dos\u00e1hnout chr\u00e1n\u011bn\u00ed obdob\u00ed p\u0159ed Lond\u00fdnem 2012 a jeho naru\u0161en\u00ed prob\u00edhaj\u00edc\u00edmi jedn\u00e1n\u00edmi minimalizovat. \u017d\u00e1d\u00e1me nejen \u010dlenskou z\u00e1kladnu \u010cATHS o podporu. Dr\u017ete n\u00e1m do dal\u0161\u00ed etapy jedn\u00e1n\u00ed palce. <\/p>\n<p> Jm\u00e9nem v\u00fdboru \u010cATHS<br \/> Jaroslav K\u0159e\u010dek<\/p>\n","protected":false},"excerpt":{"rendered":"<a href=\"https:\/\/www.caths.cz\/wordpress\/informace-o-stavu-jednani-caths-cstps-ke-sjednoceni-tps\/\"><img loading=\"lazy\" decoding=\"async\" width=\"100\" height=\"100\" src=\"https:\/\/www.caths.cz\/wordpress\/wp-content\/plugins\/thumbnail-for-excerpts\/tfe_no_thumb.png\" class=\"alignleft wp-post-image tfe\" alt=\"\" title=\"\" \/><\/a><p>Jak je v\u0161eobecn\u011b zn\u00e1mo, bylo podpisem memoranda mezi \u010cPV, \u010cSTPS a \u010cATHS umo\u017en\u011bno na za\u010d\u00e1tku roku obnoven\u00ed \u0159\u00e1dn\u00e9ho \u010dlenstv\u00ed \u010cR v Mezin\u00e1rodn\u00edm paralympijsk\u00e9m v\u00fdboru. N\u00e1vazn\u011b prob\u011bhla mimo\u0159\u00e1dn\u00e1 valn\u00e1 hromada \u010cATHS, [&hellip;]<\/p>\n","protected":false},"author":1,"featured_media":0,"comment_status":"closed","ping_status":"closed","sticky":false,"template":"","format":"standard","meta":{"ngg_post_thumbnail":0,"footnotes":""},"categories":[6],"tags":[],"class_list":["post-2408","post","type-post","status-publish","format-standard","hentry","category-caths-info"],"_links":{"self":[{"href":"https:\/\/www.caths.cz\/wordpress\/wp-json\/wp\/v2\/posts\/2408","targetHints":{"allow":["GET"]}}],"collection":[{"href":"https:\/\/www.caths.cz\/wordpress\/wp-json\/wp\/v2\/posts"}],"about":[{"href":"https:\/\/www.caths.cz\/wordpress\/wp-json\/wp\/v2\/types\/post"}],"author":[{"embeddable":true,"href":"https:\/\/www.caths.cz\/wordpress\/wp-json\/wp\/v2\/users\/1"}],"replies":[{"embeddable":true,"href":"https:\/\/www.caths.cz\/wordpress\/wp-json\/wp\/v2\/comments?post=2408"}],"version-history":[{"count":0,"href":"https:\/\/www.caths.cz\/wordpress\/wp-json\/wp\/v2\/posts\/2408\/revisions"}],"wp:attachment":[{"href":"https:\/\/www.caths.cz\/wordpress\/wp-json\/wp\/v2\/media?parent=2408"}],"wp:term":[{"taxonomy":"category","embeddable":true,"href":"https:\/\/www.caths.cz\/wordpress\/wp-json\/wp\/v2\/categories?post=2408"},{"taxonomy":"post_tag","embeddable":true,"href":"https:\/\/www.caths.cz\/wordpress\/wp-json\/wp\/v2\/tags?post=2408"}],"curies":[{"name":"wp","href":"https:\/\/api.w.org\/{rel}","templated":true}]}}