{"id":2400,"date":"2012-11-24T11:43:18","date_gmt":"2012-11-24T10:43:18","guid":{"rendered":"http:\/\/www.caths.cz\/wordpress\/?p=2400"},"modified":"2012-11-24T11:43:18","modified_gmt":"2012-11-24T10:43:18","slug":"galavecer-cernych-koni-za-ucasti-hvezd","status":"publish","type":"post","link":"https:\/\/www.caths.cz\/wordpress\/galavecer-cernych-koni-za-ucasti-hvezd\/","title":{"rendered":"Galave\u010der \u010cern\u00fdch kon\u00ed za \u00fa\u010dasti hv\u011bzd"},"content":{"rendered":"<p align=\"justify\"> Kdy\u017e na\u0161e redakce minul\u00fd t\u00fdden oslovila \u0161\u00e9fa klubu \u010cern\u00ed kon\u011b a projektu \u010cesk\u00fd poh\u00e1r MTB handicapovan\u00fdch cyklist\u016f Tom\u00e1\u0161e Poucha s \u017e\u00e1dost\u00ed o informa\u010dn\u00ed upout\u00e1vku pro \u0161irokou ve\u0159ejnost na chystan\u00fd Galave\u010der, dostalo se n\u00e1m p\u0159ekvapiv\u00e9 odpov\u011bdi, \u017ee cel\u00fd s\u00e1l je beznad\u011bjn\u011b pln\u00fd &#8211; jednodu\u0161e vyprod\u00e1no do posledn\u00edho m\u00edste\u010dka. <br \/> A skute\u010dn\u011b, z\u00e1jem o druh\u00fd ro\u010dn\u00edk Galave\u010deru \u010cern\u00fdch kon\u00ed byl obrovsk\u00fd.<br \/> Ve velmi p\u0159\u00e1telsk\u00e9, a\u017e rodinn\u00e9 atmosf\u00e9\u0159e se zde se\u0161li p\u0159\u00edznivci cyklistiky, kte\u0159\u00ed po cel\u00fd rok, v r\u00e1mci projektu \u201ePoje\u010f s n\u00e1mi\u201c, jezd\u00ed na z\u00e1vody pro \u0161irokou ve\u0159ejnost po cel\u00e9 \u010cesk\u00e9 republice. Ov\u0161em pozor, nejde jen o rekrea\u010dn\u00ed, volno\u010dasovou \u010dinnost, nad sportovn\u00edmi v\u00fdkony na\u0161ich biker\u016f a handbiker\u016f smek\u00e1 i Patron cel\u00e9ho seri\u00e1lu, olympijsk\u00fd v\u00edt\u011bz Jaroslav Kulhav\u00fd, kter\u00fd tak\u00e9 p\u0159ed\u00e1val n\u011bkter\u00e9 ceny.<\/p>\n<p> <img decoding=\"async\" src=\"\/wordpress\/image\/sekretarky\/galavecer\/001.jpg\"><\/p>\n<p> Ostatn\u011b ze z\u00e1vodn\u00edho seri\u00e1lu \u010cP MTB handicap pro \u0161irokou ve\u0159ejnost vze\u0161li nap\u0159\u00edklad reprezentanti \u010cR, Tom\u00e1\u0161 Kajnar, Va\u0161ek Antal, Miroslav Dongres&#8230;<br \/> I z toho je patrn\u00e9, jak je cel\u00fd projekt funk\u010dn\u00ed. <\/p>\n<p> Jaroslava Kulhav\u00e9ho uvedla na p\u00f3dium dal\u0161\u00ed sportovn\u00ed hv\u011bzda a jeho kolega z tr\u00e9ninkov\u00e9 skupiny Viktora Zapletala \u2013 nej\u00fasp\u011b\u0161n\u011bj\u0161\u00ed handicapovan\u00fd cyklista sv\u011bta a paralympijsk\u00fd v\u00edt\u011bz Jirka Je\u017eek, kter\u00fd dokonce p\u0159ijal nab\u00eddku po\u0159adatel\u016f a spole\u010dn\u011b s moder\u00e1torem Tom\u00e1\u0161em Hauptvogelem cel\u00fdm ve\u010derem doprov\u00e1zel. <\/p>\n<p> <img decoding=\"async\" src=\"\/wordpress\/image\/sekretarky\/galavecer\/005.jpg\"><\/p>\n<p> A v\u00fdznamn\u00e9 osobnosti v Centru pohybov\u00e9 medic\u00edny na pra\u017esk\u00e9m Chodov\u011b jsme mohli potk\u00e1vat doslova na ka\u017ed\u00e9m kroku, jen nam\u00e1tkou &#8211; herec Pavel Nov\u00fd, mistr sv\u011bta v biketrialu Pepa Dressler, l\u00e9ka\u0159 Docent Kol\u00e1\u0159, here\u010dka Marta Issov\u00e1, z\u00e1stupci politick\u00e9 sc\u00e9ny, m\u00e9di\u00ed a \u0159ada dal\u0161\u00edch. <\/p>\n<p> <img decoding=\"async\" src=\"\/wordpress\/image\/sekretarky\/galavecer\/006.jpg\"><\/p>\n<p> N\u011bkte\u0159\u00ed si pak z Galave\u010dera odv\u00e1\u017eeli unik\u00e1tn\u00ed cenu, darovanou t\u00fdmem \u010cern\u00fdch kon\u00ed za p\u0159\u00ednos pro cyklistiku handicapovan\u00fdch. Tou cenou je d\u0159ev\u011bn\u00e1 figurka voz\u00ed\u010dk\u00e1\u0159e, jezd\u00edc\u00ed a funk\u010dn\u00ed a pokud bychom m\u011bli vyhl\u00e1sit nejorigin\u00e1ln\u011bj\u0161\u00ed cenu se kterou jsme se b\u011bhem na\u0161\u00ed zpravodajsk\u00e9 pr\u00e1ce pro sport handicapovan\u00fdch setkali, pak by \u010cern\u00ed kon\u011b z\u00edskali dal\u0161\u00ed prim\u00e1t. <\/p>\n<p><img decoding=\"async\" src=\"\/wordpress\/image\/sekretarky\/galavecer\/002.jpg\"><\/p>\n<p> Velmi vtipn\u00e1 a origin\u00e1ln\u00ed cena znovu dokladuje, jak velik\u00e1 p\u00e9\u010de a l\u00e1ska je vlo\u017eena do ka\u017ed\u00e9ho detailu projektu \u201ePoje\u010f s n\u00e1mi!\u201c <br \/> D\u011bkujeme \u010cern\u00ed kon\u011b, jsme na v\u00e1s a va\u0161i pr\u00e1ci hrd\u00ed a VY cyklist\u00e9 a handbike\u0159i, piln\u011b tr\u00e9nujte a hned jak to p\u016fjde \u201ePOJE\u010eTE S N\u00c1MI!\u201c kalend\u00e1\u0159 akc\u00ed pro rok 2013 u\u017e se piln\u011b p\u0159ipravuje&#8230; <\/p>\n<p> <img decoding=\"async\" src=\"\/wordpress\/image\/sekretarky\/galavecer\/004.jpg\"><\/p>\n<p> <img decoding=\"async\" src=\"\/wordpress\/image\/sekretarky\/galavecer\/003.jpg\"><\/p>\n","protected":false},"excerpt":{"rendered":"<a href=\"https:\/\/www.caths.cz\/wordpress\/galavecer-cernych-koni-za-ucasti-hvezd\/\"><img loading=\"lazy\" decoding=\"async\" width=\"100\" height=\"100\" src=\"https:\/\/www.caths.cz\/wordpress\/wp-content\/plugins\/thumbnail-for-excerpts\/tfe_no_thumb.png\" class=\"alignleft wp-post-image tfe\" alt=\"\" title=\"\" \/><\/a><p>Kdy\u017e na\u0161e redakce minul\u00fd t\u00fdden oslovila \u0161\u00e9fa klubu \u010cern\u00ed kon\u011b a projektu \u010cesk\u00fd poh\u00e1r MTB handicapovan\u00fdch cyklist\u016f Tom\u00e1\u0161e Poucha s \u017e\u00e1dost\u00ed o informa\u010dn\u00ed upout\u00e1vku pro \u0161irokou ve\u0159ejnost na chystan\u00fd Galave\u010der, [&hellip;]<\/p>\n","protected":false},"author":1,"featured_media":0,"comment_status":"closed","ping_status":"closed","sticky":false,"template":"","format":"standard","meta":{"ngg_post_thumbnail":0,"footnotes":""},"categories":[40],"tags":[],"class_list":["post-2400","post","type-post","status-publish","format-standard","hentry","category-pojed-s-nami"],"_links":{"self":[{"href":"https:\/\/www.caths.cz\/wordpress\/wp-json\/wp\/v2\/posts\/2400","targetHints":{"allow":["GET"]}}],"collection":[{"href":"https:\/\/www.caths.cz\/wordpress\/wp-json\/wp\/v2\/posts"}],"about":[{"href":"https:\/\/www.caths.cz\/wordpress\/wp-json\/wp\/v2\/types\/post"}],"author":[{"embeddable":true,"href":"https:\/\/www.caths.cz\/wordpress\/wp-json\/wp\/v2\/users\/1"}],"replies":[{"embeddable":true,"href":"https:\/\/www.caths.cz\/wordpress\/wp-json\/wp\/v2\/comments?post=2400"}],"version-history":[{"count":0,"href":"https:\/\/www.caths.cz\/wordpress\/wp-json\/wp\/v2\/posts\/2400\/revisions"}],"wp:attachment":[{"href":"https:\/\/www.caths.cz\/wordpress\/wp-json\/wp\/v2\/media?parent=2400"}],"wp:term":[{"taxonomy":"category","embeddable":true,"href":"https:\/\/www.caths.cz\/wordpress\/wp-json\/wp\/v2\/categories?post=2400"},{"taxonomy":"post_tag","embeddable":true,"href":"https:\/\/www.caths.cz\/wordpress\/wp-json\/wp\/v2\/tags?post=2400"}],"curies":[{"name":"wp","href":"https:\/\/api.w.org\/{rel}","templated":true}]}}